{"id":100602,"date":"2025-03-12T17:29:45","date_gmt":"2025-03-12T20:29:45","guid":{"rendered":"https:\/\/tvc16.com\/portal\/?p=100602"},"modified":"2025-03-12T17:29:47","modified_gmt":"2025-03-12T20:29:47","slug":"mutirao-da-renegociacao-prefeito-hingo-hammes-e-o-secretario-estadual-de-defesa-do-consumidor-acompanham-a-acao","status":"publish","type":"post","link":"https:\/\/tvc16.com\/portal\/2025\/03\/12\/mutirao-da-renegociacao-prefeito-hingo-hammes-e-o-secretario-estadual-de-defesa-do-consumidor-acompanham-a-acao\/","title":{"rendered":"Mutir\u00e3o da Renegocia\u00e7\u00e3o: Prefeito Hingo Hammes e o secret\u00e1rio estadual de Defesa do Consumidor acompanham a a\u00e7\u00e3o"},"content":{"rendered":"\n<p>Visita serviu para refor\u00e7ar a parceria entre o munic\u00edpio e o estado nas a\u00e7\u00f5es de defesa do consumidor.<\/p>\n\n\n\n<p>Na manh\u00e3 desta quarta-feira (12), o prefeito Hingo Hammes recebeu na prefeitura de Petr\u00f3polis, onde est\u00e1 sendo realizado, na Casa dos Conselhos, o feir\u00e3o de renegocia\u00e7\u00e3o de d\u00edvidas, o secret\u00e1rio estadual de Defesa do Consumidor, Gutemberg Reis. O encontro serviu n\u00e3o apenas para divulgar a a\u00e7\u00e3o, que acontece na cidade e em outros munic\u00edpios do estado, mas tamb\u00e9m para refor\u00e7ar a parceria nas a\u00e7\u00f5es de Defesa do Consumidor em Petr\u00f3polis.<\/p>\n\n\n\n<p>\u201cO secret\u00e1rio, assim como o governador Cl\u00e1udio Castro, \u00e9 um parceiro do munic\u00edpio e trazer esse feir\u00e3o para c\u00e1 \u00e9 muito importante, uma oportunidade para que as pessoas possam pagar as suas contas com desconto. Teve gente que veio aqui e conseguiu desconto de at\u00e9 100%. Fora a possibilidade de parcelar a d\u00edvida e voltar a ficar com o nome limpo, com as contas em dia\u201d, ressaltou o prefeito.<\/p>\n\n\n\n<p>O mutir\u00e3o de Renegocia\u00e7\u00e3o do Consumidor, conta com empresas concession\u00e1rias de servi\u00e7os como a \u00c1guas do Imperador (\u00e1gua) e Claro (telefonia e internet), Enel (energia el\u00e9trica), Naturgy (g\u00e1s), al\u00e9m de bancos como Ita\u00fa, Bradesco, Banco do Brasil, Santander e Caixa. Durante as negocia\u00e7\u00f5es, o consumidor recebe apoio de funcion\u00e1rios do Procon e advogados da OAB Petr\u00f3polis e estagi\u00e1rios da Universidade Cat\u00f3lica de Petr\u00f3polis &#8211; UCP e da Est\u00e1cio. \u201cAo longo desses dias as pessoas t\u00eam vindo buscar bons acordos. E a nossa equipe vem ajudando o consumidor, fiscalizando e auxiliando nas negocia\u00e7\u00f5es. Ajudar o consumidor a regularizar as d\u00edvidas \u00e9 fundamental para essas fam\u00edlias, que voltam a respirar com as contas em dia, al\u00e9m de muito importante para o munic\u00edpio e para o estado, j\u00e1 que essas pessoas voltam a consumir e aquecem a economia\u201d, disse o coordenador do Procon Faf\u00e1 Badia.<\/p>\n\n\n\n<p>A Adriana Marques, que hoje est\u00e1 desempregada, tinha uma d\u00edvida de quase quatro mil reais com a concession\u00e1ria de energia. \u201cHoje, consegui baixar essa d\u00edvida para cerca de R$ 2.900 e, o mais importante, parcelar. Agora respiro mais aliviada, porque toda vez que vinha o carro da concession\u00e1ria na minha rua eu achava que ia cortar a energia l\u00e1 de casa\u201d, contou Adriana, que ainda fez o convite: \u201cvenham participar\u201d.<\/p>\n\n\n\n<p>O convite tamb\u00e9m foi refor\u00e7ado pelo secret\u00e1rio estadual de Defesa do Consumidor. \u201c\u00c9 algo in\u00e9dito na hist\u00f3ria do Estado do Rio de Janeiro, ter sete regi\u00f5es com mutir\u00f5es acontecendo. E \u00e9 muito importante essa parceria do governo do estado com as prefeituras. Quando n\u00f3s falamos com o prefeito Hingo, imediatamente ele abra\u00e7ou a causa, abriu espa\u00e7o na prefeitura. At\u00e9 sexta-feira n\u00f3s temos esse mutir\u00e3o de renegocia\u00e7\u00e3o, que ajuda o consumidor a ter mais tranquilidade e levar seguran\u00e7a para a sua fam\u00edlia. Quero convidar aqueles que moram no munic\u00edpio ou nas cidades vizinhas, vem para c\u00e1\u201d, disse Gutemberg.<\/p>\n\n\n\n<p>A a\u00e7\u00e3o faz parte da II Campanha de Semana do Consumidor e acontece entre os dias 10 e 14 de mar\u00e7o. Para participar, basta levar documento oficial com foto (RG ou CNH) e comprovante da d\u00edvida. As senhas ser\u00e3o distribu\u00eddas das 10h \u00e0s 13h e os atendimentos ser\u00e3o mediados por t\u00e9cnicos da SEDCON e do PROCON-RJ para garantir acordos seguros e v\u00e1lidos.<\/p>\n\n\n\n<p>Servi\u00e7o<\/p>\n\n\n\n<p>Endere\u00e7o: Casa dos Conselhos, Av. Koeler, 260 &#8211; Centro &#8211; Petr\u00f3polis.<br>Data: 10 a 14 de mar\u00e7o<br>Hor\u00e1rio: 10h \u00e0s 18h<\/p>\n\n\n\n<p>Foto: divulga\u00e7\u00e3o <\/p>\n","protected":false},"excerpt":{"rendered":"<p>Visita serviu para refor\u00e7ar a parceria entre o munic\u00edpio e o estado nas a\u00e7\u00f5es de<\/p>\n","protected":false},"author":2,"featured_media":100603,"comment_status":"open","ping_status":"open","sticky":false,"template":"","format":"standard","meta":{"footnotes":""},"categories":[12],"tags":[],"class_list":["post-100602","post","type-post","status-publish","format-standard","has-post-thumbnail","hentry","category-cidade"],"_links":{"self":[{"href":"https:\/\/tvc16.com\/portal\/wp-json\/wp\/v2\/posts\/100602","targetHints":{"allow":["GET"]}}],"collection":[{"href":"https:\/\/tvc16.com\/portal\/wp-json\/wp\/v2\/posts"}],"about":[{"href":"https:\/\/tvc16.com\/portal\/wp-json\/wp\/v2\/types\/post"}],"author":[{"embeddable":true,"href":"https:\/\/tvc16.com\/portal\/wp-json\/wp\/v2\/users\/2"}],"replies":[{"embeddable":true,"href":"https:\/\/tvc16.com\/portal\/wp-json\/wp\/v2\/comments?post=100602"}],"version-history":[{"count":1,"href":"https:\/\/tvc16.com\/portal\/wp-json\/wp\/v2\/posts\/100602\/revisions"}],"predecessor-version":[{"id":100604,"href":"https:\/\/tvc16.com\/portal\/wp-json\/wp\/v2\/posts\/100602\/revisions\/100604"}],"wp:featuredmedia":[{"embeddable":true,"href":"https:\/\/tvc16.com\/portal\/wp-json\/wp\/v2\/media\/100603"}],"wp:attachment":[{"href":"https:\/\/tvc16.com\/portal\/wp-json\/wp\/v2\/media?parent=100602"}],"wp:term":[{"taxonomy":"category","embeddable":true,"href":"https:\/\/tvc16.com\/portal\/wp-json\/wp\/v2\/categories?post=100602"},{"taxonomy":"post_tag","embeddable":true,"href":"https:\/\/tvc16.com\/portal\/wp-json\/wp\/v2\/tags?post=100602"}],"curies":[{"name":"wp","href":"https:\/\/api.w.org\/{rel}","templated":true}]}}