{"id":100608,"date":"2025-03-13T08:19:53","date_gmt":"2025-03-13T11:19:53","guid":{"rendered":"https:\/\/tvc16.com\/portal\/?p=100608"},"modified":"2025-03-13T08:21:52","modified_gmt":"2025-03-13T11:21:52","slug":"justica-do-rio-faz-mais-de-1-400-audiencias-de-crimes-contra-a-mulher","status":"publish","type":"post","link":"https:\/\/tvc16.com\/portal\/2025\/03\/13\/justica-do-rio-faz-mais-de-1-400-audiencias-de-crimes-contra-a-mulher\/","title":{"rendered":"Justi\u00e7a do Rio faz mais de 1.400 audi\u00eancias de crimes contra a mulher"},"content":{"rendered":"\n<p><em>Diariamente, 22 mulheres s\u00e3o v\u00edtimas de viol\u00eancia no estado<\/em><\/p>\n\n\n\n<p>Por Douglas Corr\u00eaa &#8211; Rep\u00f3rter da Ag\u00eancia Brasil \/ Foto: Jo\u00e9dson Alves\/Ag\u00eancia Brasil<\/p>\n\n\n\n<p><\/p>\n\n\n\n<p>A Justi\u00e7a do Rio realiza at\u00e9 esta sexta-feira (14) 1.449 audi\u00eancias e 15 sess\u00f5es de julgamento de crimes contra a mulher, todos envolvendo viol\u00eancia de g\u00eanero. A a\u00e7\u00e3o \u00e9 da Coordenadoria Estadual da Mulher em Situa\u00e7\u00e3o de Viol\u00eancia Dom\u00e9stica e Familiar (Coem). Ao priorizar esses processos, o TJRJ busca&nbsp;fortalecer&nbsp;as a\u00e7\u00f5es do tribunal na garantia dos direitos e prote\u00e7\u00e3o \u00e0s mulheres e dar \u00e0s v\u00edtimas, suas fam\u00edlias e \u00e0&nbsp;sociedade, uma resposta mais r\u00e1pida&nbsp;no m\u00eas em que se comemora o Dia Internacional da Mulher (8 de mar\u00e7o).<img decoding=\"async\" src=\"https:\/\/agenciabrasil.ebc.com.br\/ebc.png?id=1634407&amp;o=node\"><img decoding=\"async\" src=\"https:\/\/agenciabrasil.ebc.com.br\/ebc.gif?id=1634407&amp;o=node\"><\/p>\n\n\n\n<p>Segundo dados do Panorama da Viol\u00eancia contra a Mulher, do Instituto de Seguran\u00e7a P\u00fablica (ISP), por dia, 22 mulheres s\u00e3o v\u00edtimas de viol\u00eancia em todo estado.<\/p>\n\n\n\n<p>O programa Justi\u00e7a Pela Paz em Casa \u00e9 uma iniciativa do Conselho Nacional de Justi\u00e7a (CNJ) e envolve os tribunais de todo o pa\u00eds, para ampliar a efetividade da Lei Maria da Penha e promover uma sociedade mais justa e mais segura.<\/p>\n\n\n\n<p>A Coordenadoria Estadual da Mulher em Situa\u00e7\u00e3o de Viol\u00eancia Dom\u00e9stica e Familiar do TJRJ&nbsp;\u00e9 formada, em sua maioria, por mulheres \u2013 13 dos 16 membros s\u00e3o magistradas \u2013 e participa com diversos projetos e a\u00e7\u00f5es para o aprimoramento das pol\u00edticas do Poder Judici\u00e1rio no combate \u00e0 viol\u00eancia contra mulheres.<\/p>\n\n\n\n<p>Para a coordenadora de Projetos Especiais da Coem, ju\u00edza Camila Rocha Guerin, a Semana Justi\u00e7a pela Paz em Casa \u00e9 mais que uma concentra\u00e7\u00e3o de esfor\u00e7os para acelerar o andamento&nbsp;dos processos de viol\u00eancia dom\u00e9stica. \u201cO programa \u00e9 mais do que uma concentra\u00e7\u00e3o de esfor\u00e7os para dar celeridade aos processos relacionados \u00e0 viol\u00eancia dom\u00e9stica. \u00c9 uma oportunidade para a comunica\u00e7\u00e3o interinstitucional, realiza\u00e7\u00e3o de melhorias nos fluxos de atendimento e processuais, reflex\u00e3o sobre a\u00e7\u00f5es sociais construtivas e capacita\u00e7\u00e3o\u201d, disse&nbsp;a magistrada.<br><\/p>\n","protected":false},"excerpt":{"rendered":"<p>Diariamente, 22 mulheres s\u00e3o v\u00edtimas de viol\u00eancia no estado Por Douglas Corr\u00eaa &#8211; Rep\u00f3rter da<\/p>\n","protected":false},"author":2,"featured_media":100609,"comment_status":"open","ping_status":"open","sticky":false,"template":"","format":"standard","meta":{"footnotes":""},"categories":[17],"tags":[],"class_list":["post-100608","post","type-post","status-publish","format-standard","has-post-thumbnail","hentry","category-outras-noticias"],"_links":{"self":[{"href":"https:\/\/tvc16.com\/portal\/wp-json\/wp\/v2\/posts\/100608","targetHints":{"allow":["GET"]}}],"collection":[{"href":"https:\/\/tvc16.com\/portal\/wp-json\/wp\/v2\/posts"}],"about":[{"href":"https:\/\/tvc16.com\/portal\/wp-json\/wp\/v2\/types\/post"}],"author":[{"embeddable":true,"href":"https:\/\/tvc16.com\/portal\/wp-json\/wp\/v2\/users\/2"}],"replies":[{"embeddable":true,"href":"https:\/\/tvc16.com\/portal\/wp-json\/wp\/v2\/comments?post=100608"}],"version-history":[{"count":1,"href":"https:\/\/tvc16.com\/portal\/wp-json\/wp\/v2\/posts\/100608\/revisions"}],"predecessor-version":[{"id":100610,"href":"https:\/\/tvc16.com\/portal\/wp-json\/wp\/v2\/posts\/100608\/revisions\/100610"}],"wp:featuredmedia":[{"embeddable":true,"href":"https:\/\/tvc16.com\/portal\/wp-json\/wp\/v2\/media\/100609"}],"wp:attachment":[{"href":"https:\/\/tvc16.com\/portal\/wp-json\/wp\/v2\/media?parent=100608"}],"wp:term":[{"taxonomy":"category","embeddable":true,"href":"https:\/\/tvc16.com\/portal\/wp-json\/wp\/v2\/categories?post=100608"},{"taxonomy":"post_tag","embeddable":true,"href":"https:\/\/tvc16.com\/portal\/wp-json\/wp\/v2\/tags?post=100608"}],"curies":[{"name":"wp","href":"https:\/\/api.w.org\/{rel}","templated":true}]}}