{"id":100618,"date":"2025-03-13T08:27:50","date_gmt":"2025-03-13T11:27:50","guid":{"rendered":"https:\/\/tvc16.com\/portal\/?p=100618"},"modified":"2025-03-13T08:27:51","modified_gmt":"2025-03-13T11:27:51","slug":"mais-de-500-mil-turistas-internacionais-visitaram-o-rio-em-dois-meses","status":"publish","type":"post","link":"https:\/\/tvc16.com\/portal\/2025\/03\/13\/mais-de-500-mil-turistas-internacionais-visitaram-o-rio-em-dois-meses\/","title":{"rendered":"Mais de 500 mil turistas internacionais visitaram o Rio em dois meses"},"content":{"rendered":"\n<p><em>Crescimento foi de 50% em rela\u00e7\u00e3o ao mesmo per\u00edodo do ano anterior<\/em><\/p>\n\n\n\n<p>Por Douglas Corr\u00eaa &#8211; Rep\u00f3rter da Ag\u00eancia Brasil \/ Foto: T\u00e2nia R\u00eago\/Ag\u00eancia Brasil<br><\/p>\n\n\n\n<p><strong>Mais de meio milh\u00e3o de turistas internacionais visitaram o estado do Rio de Janeiro nos dois primeiros meses de 2025<\/strong>, segundo dados do Conselho Nacional de&nbsp;Imigra\u00e7\u00e3o. Foram 262.108 chegadas em fevereiro e 240.151 em janeiro, totalizando 502.259 visitantes estrangeiros, um crescimento de 50% em rela\u00e7\u00e3o ao mesmo per\u00edodo do ano anterior.<img decoding=\"async\" src=\"https:\/\/agenciabrasil.ebc.com.br\/ebc.png?id=1634332&amp;o=node\"><img decoding=\"async\" src=\"https:\/\/agenciabrasil.ebc.com.br\/ebc.gif?id=1634332&amp;o=node\"><\/p>\n\n\n\n<p><strong>Os turistas desembarcaram, em sua maioria, de pa\u00edses vizinhos da Am\u00e9rica do Sul<\/strong>.&nbsp;Veja de onde veio a maioria dos visitantes:&nbsp;<\/p>\n\n\n\n<ul class=\"wp-block-list\">\n<li>Argentina &#8211; 196.649\u00a0<\/li>\n\n\n\n<li>Chile &#8211; 96.226<\/li>\n\n\n\n<li>Estados Unidos &#8211; 52.701<\/li>\n\n\n\n<li>Uruguai &#8211; 19.898\u00a0<\/li>\n\n\n\n<li>Fran\u00e7a &#8211;\u00a018.472<\/li>\n\n\n\n<li>Reino Unido &#8211; 12.943<\/li>\n\n\n\n<li>Portugal &#8211; 12.083<\/li>\n\n\n\n<li>Alemanha &#8211; 10.702<\/li>\n\n\n\n<li>It\u00e1lia &#8211; 6.836<\/li>\n<\/ul>\n\n\n\n<p><strong>O governo do Estado tem como meta alcan\u00e7ar 1,8 milh\u00e3o de turistas internacionais em 2025<\/strong>, um crescimento de 20% em rela\u00e7\u00e3o ao total de 1,5 milh\u00e3o registrado no ano passado. O governador Cl\u00e1udio Castro destacou a import\u00e2ncia do trabalho para posicionar o Rio como destino global.&nbsp;<\/p>\n\n\n\n<blockquote class=\"wp-block-quote is-layout-flow wp-block-quote-is-layout-flow\">\n<p>\u201cO crescimento de 50% no turismo internacional \u00e9 reflexo das nossas a\u00e7\u00f5es para fortalecer a imagem do estado e atrair grandes eventos. Estamos trabalhando para que essa tend\u00eancia de alta continue impulsionando a economia e gerando empregos para os fluminenses\u201d, avaliou Castro.<\/p>\n<\/blockquote>\n\n\n\n<p>A Secretaria de Estado de Turismo vem participando de grandes eventos do setor, como a Bolsa de Turismo de Lisboa (BTL).&nbsp; O secret\u00e1rio Gustavo Tutuca representou o Rio no encontro em Portugal.&nbsp;<\/p>\n\n\n\n<blockquote class=\"wp-block-quote is-layout-flow wp-block-quote-is-layout-flow\">\n<p>\u201cAlcan\u00e7ar meio milh\u00e3o de turistas internacionais em apenas dois meses \u00e9 um marco hist\u00f3rico para o Rio de Janeiro e um reflexo direto do trabalho que estamos fazendo para consolidar o estado como um destino global. O crescimento de 50% demonstra que nossas a\u00e7\u00f5es de promo\u00e7\u00e3o est\u00e3o dando resultado e que o mundo continua escolhendo o Rio\u201d, disse Tutuca.<\/p>\n<\/blockquote>\n","protected":false},"excerpt":{"rendered":"<p>Crescimento foi de 50% em rela\u00e7\u00e3o ao mesmo per\u00edodo do ano anterior Por Douglas Corr\u00eaa<\/p>\n","protected":false},"author":2,"featured_media":100619,"comment_status":"open","ping_status":"open","sticky":false,"template":"","format":"standard","meta":{"footnotes":""},"categories":[1],"tags":[],"class_list":["post-100618","post","type-post","status-publish","format-standard","has-post-thumbnail","hentry","category-uncategorized"],"_links":{"self":[{"href":"https:\/\/tvc16.com\/portal\/wp-json\/wp\/v2\/posts\/100618","targetHints":{"allow":["GET"]}}],"collection":[{"href":"https:\/\/tvc16.com\/portal\/wp-json\/wp\/v2\/posts"}],"about":[{"href":"https:\/\/tvc16.com\/portal\/wp-json\/wp\/v2\/types\/post"}],"author":[{"embeddable":true,"href":"https:\/\/tvc16.com\/portal\/wp-json\/wp\/v2\/users\/2"}],"replies":[{"embeddable":true,"href":"https:\/\/tvc16.com\/portal\/wp-json\/wp\/v2\/comments?post=100618"}],"version-history":[{"count":1,"href":"https:\/\/tvc16.com\/portal\/wp-json\/wp\/v2\/posts\/100618\/revisions"}],"predecessor-version":[{"id":100620,"href":"https:\/\/tvc16.com\/portal\/wp-json\/wp\/v2\/posts\/100618\/revisions\/100620"}],"wp:featuredmedia":[{"embeddable":true,"href":"https:\/\/tvc16.com\/portal\/wp-json\/wp\/v2\/media\/100619"}],"wp:attachment":[{"href":"https:\/\/tvc16.com\/portal\/wp-json\/wp\/v2\/media?parent=100618"}],"wp:term":[{"taxonomy":"category","embeddable":true,"href":"https:\/\/tvc16.com\/portal\/wp-json\/wp\/v2\/categories?post=100618"},{"taxonomy":"post_tag","embeddable":true,"href":"https:\/\/tvc16.com\/portal\/wp-json\/wp\/v2\/tags?post=100618"}],"curies":[{"name":"wp","href":"https:\/\/api.w.org\/{rel}","templated":true}]}}