{"id":100627,"date":"2025-03-14T05:00:00","date_gmt":"2025-03-14T08:00:00","guid":{"rendered":"https:\/\/tvc16.com\/portal\/?p=100627"},"modified":"2025-03-13T09:08:08","modified_gmt":"2025-03-13T12:08:08","slug":"incendios-em-vegetacao-em-petropolis-crescem-320","status":"publish","type":"post","link":"https:\/\/tvc16.com\/portal\/2025\/03\/14\/incendios-em-vegetacao-em-petropolis-crescem-320\/","title":{"rendered":"Inc\u00eandios em vegeta\u00e7\u00e3o em Petr\u00f3polis crescem 320%"},"content":{"rendered":"\n<p>Petr\u00f3polis registrou aumento no n\u00famero de inc\u00eandios em vegeta\u00e7\u00e3o nos dois primeiros meses de 2025. De acordo com o Corpo de Bombeiros, foram 25 ocorr\u00eancias registradas em janeiro e fevereiro deste ano, enquanto em 2024, foram apenas cinco. Segundo o Centro Nacional de Monitoramento e Alertas de Desastres Naturais (CEMADEN), Petr\u00f3polis e todo o Estado do Rio, passam por agravamento da seca, o que afetou inclusive, na quantidade de chuva para o per\u00edodo. Segundo o Cemaden, choveu em fevereiro apenas 60 mil\u00edmetros, cerca de 30% do previsto para o m\u00eas. Para mar\u00e7o, a tend\u00eancia deve permanecer.<\/p>\n","protected":false},"excerpt":{"rendered":"<p>Petr\u00f3polis registrou aumento no n\u00famero de inc\u00eandios em vegeta\u00e7\u00e3o nos dois primeiros meses de 2025.<\/p>\n","protected":false},"author":2,"featured_media":89920,"comment_status":"open","ping_status":"open","sticky":false,"template":"","format":"standard","meta":{"footnotes":""},"categories":[12],"tags":[],"class_list":["post-100627","post","type-post","status-publish","format-standard","has-post-thumbnail","hentry","category-cidade"],"_links":{"self":[{"href":"https:\/\/tvc16.com\/portal\/wp-json\/wp\/v2\/posts\/100627","targetHints":{"allow":["GET"]}}],"collection":[{"href":"https:\/\/tvc16.com\/portal\/wp-json\/wp\/v2\/posts"}],"about":[{"href":"https:\/\/tvc16.com\/portal\/wp-json\/wp\/v2\/types\/post"}],"author":[{"embeddable":true,"href":"https:\/\/tvc16.com\/portal\/wp-json\/wp\/v2\/users\/2"}],"replies":[{"embeddable":true,"href":"https:\/\/tvc16.com\/portal\/wp-json\/wp\/v2\/comments?post=100627"}],"version-history":[{"count":1,"href":"https:\/\/tvc16.com\/portal\/wp-json\/wp\/v2\/posts\/100627\/revisions"}],"predecessor-version":[{"id":100628,"href":"https:\/\/tvc16.com\/portal\/wp-json\/wp\/v2\/posts\/100627\/revisions\/100628"}],"wp:featuredmedia":[{"embeddable":true,"href":"https:\/\/tvc16.com\/portal\/wp-json\/wp\/v2\/media\/89920"}],"wp:attachment":[{"href":"https:\/\/tvc16.com\/portal\/wp-json\/wp\/v2\/media?parent=100627"}],"wp:term":[{"taxonomy":"category","embeddable":true,"href":"https:\/\/tvc16.com\/portal\/wp-json\/wp\/v2\/categories?post=100627"},{"taxonomy":"post_tag","embeddable":true,"href":"https:\/\/tvc16.com\/portal\/wp-json\/wp\/v2\/tags?post=100627"}],"curies":[{"name":"wp","href":"https:\/\/api.w.org\/{rel}","templated":true}]}}