{"id":100629,"date":"2025-03-14T06:10:00","date_gmt":"2025-03-14T09:10:00","guid":{"rendered":"https:\/\/tvc16.com\/portal\/?p=100629"},"modified":"2025-03-13T09:12:54","modified_gmt":"2025-03-13T12:12:54","slug":"aguas-do-imperador-abre-inscricoes-para-o-programa-jovem-aprendiz-2025","status":"publish","type":"post","link":"https:\/\/tvc16.com\/portal\/2025\/03\/14\/aguas-do-imperador-abre-inscricoes-para-o-programa-jovem-aprendiz-2025\/","title":{"rendered":"\u00c1guas do Imperador abre inscri\u00e7\u00f5es para o Programa Jovem Aprendiz 2025"},"content":{"rendered":"\n<p>A concession\u00e1ria \u00c1guas do Imperador est\u00e1 com inscri\u00e7\u00f5es abertas, at\u00e9 18 de mar\u00e7o, para o seu Programa Jovem Aprendiz 2025. Os candidatos devem ter entre 14 a 22 anos e estar matriculados no Ensino Fundamental, M\u00e9dio ou Superior. Os interessados podem realizar a inscri\u00e7\u00e3o pelo site https:\/\/www.grupoaguasdobrasil.com.br\/trabalhe-conosco\/.<\/p>\n\n\n\n<p>O programa do Grupo \u00c1guas do Brasil tem como objetivo capacitar profissionalmente jovens interessados em se estabelecer no mercado de trabalho, oferecendo oportunidades de inser\u00e7\u00e3o em uma das maiores empresas de saneamento do Brasil. A iniciativa ocorre em parceria com institui\u00e7\u00f5es formadoras (CIEE ou rede Cidad\u00e3) por meio de cursos profissionalizantes.<\/p>\n\n\n\n<p>Para a inscri\u00e7\u00e3o, \u00e9 obrigat\u00f3ria a apresenta\u00e7\u00e3o de curr\u00edculo, RG, CPF, certid\u00e3o de nascimento, comprovante de resid\u00eancia e de escolaridade. Al\u00e9m disso, maiores de 18 anos devem mostrar t\u00edtulo de eleitor e certificado de reservista (para homens). Os benef\u00edcios oferecidos pelo programa s\u00e3o: remunera\u00e7\u00e3o, curso de forma\u00e7\u00e3o na \u00e1rea administrativa, vale-transporte, vale-alimenta\u00e7\u00e3o ou vale-refei\u00e7\u00e3o e oportunidade de crescimento profissional.<\/p>\n","protected":false},"excerpt":{"rendered":"<p>A concession\u00e1ria \u00c1guas do Imperador est\u00e1 com inscri\u00e7\u00f5es abertas, at\u00e9 18 de mar\u00e7o, para o<\/p>\n","protected":false},"author":2,"featured_media":100630,"comment_status":"open","ping_status":"open","sticky":false,"template":"","format":"standard","meta":{"footnotes":""},"categories":[12],"tags":[],"class_list":["post-100629","post","type-post","status-publish","format-standard","has-post-thumbnail","hentry","category-cidade"],"_links":{"self":[{"href":"https:\/\/tvc16.com\/portal\/wp-json\/wp\/v2\/posts\/100629","targetHints":{"allow":["GET"]}}],"collection":[{"href":"https:\/\/tvc16.com\/portal\/wp-json\/wp\/v2\/posts"}],"about":[{"href":"https:\/\/tvc16.com\/portal\/wp-json\/wp\/v2\/types\/post"}],"author":[{"embeddable":true,"href":"https:\/\/tvc16.com\/portal\/wp-json\/wp\/v2\/users\/2"}],"replies":[{"embeddable":true,"href":"https:\/\/tvc16.com\/portal\/wp-json\/wp\/v2\/comments?post=100629"}],"version-history":[{"count":1,"href":"https:\/\/tvc16.com\/portal\/wp-json\/wp\/v2\/posts\/100629\/revisions"}],"predecessor-version":[{"id":100631,"href":"https:\/\/tvc16.com\/portal\/wp-json\/wp\/v2\/posts\/100629\/revisions\/100631"}],"wp:featuredmedia":[{"embeddable":true,"href":"https:\/\/tvc16.com\/portal\/wp-json\/wp\/v2\/media\/100630"}],"wp:attachment":[{"href":"https:\/\/tvc16.com\/portal\/wp-json\/wp\/v2\/media?parent=100629"}],"wp:term":[{"taxonomy":"category","embeddable":true,"href":"https:\/\/tvc16.com\/portal\/wp-json\/wp\/v2\/categories?post=100629"},{"taxonomy":"post_tag","embeddable":true,"href":"https:\/\/tvc16.com\/portal\/wp-json\/wp\/v2\/tags?post=100629"}],"curies":[{"name":"wp","href":"https:\/\/api.w.org\/{rel}","templated":true}]}}