{"id":10063,"date":"2021-02-01T22:50:21","date_gmt":"2021-02-02T01:50:21","guid":{"rendered":"https:\/\/tvc16.com\/portal\/?p=10063"},"modified":"2021-02-01T22:50:23","modified_gmt":"2021-02-02T01:50:23","slug":"nesta-segunda-feira-no-centro-olimpico-de-nova-iguacu-a-prefeitura-montou-o-sistema-de-atendimento-drive-thru-permitindo-que-os-idosos-sejam-atendidos-dentro-do-carro","status":"publish","type":"post","link":"https:\/\/tvc16.com\/portal\/2021\/02\/01\/nesta-segunda-feira-no-centro-olimpico-de-nova-iguacu-a-prefeitura-montou-o-sistema-de-atendimento-drive-thru-permitindo-que-os-idosos-sejam-atendidos-dentro-do-carro\/","title":{"rendered":"Nesta segunda-feira, no Centro Ol\u00edmpico de Nova Igua\u00e7u, a Prefeitura montou o sistema de atendimento drive thru, permitindo que os idosos sejam atendidos dentro do carro"},"content":{"rendered":"\n<p>A aplica\u00e7\u00e3o do imunizante Coronavac pela Secretaria Municipal de Sa\u00fade (SEMUS) entra em uma nova etapa, com a vacina\u00e7\u00e3o da popula\u00e7\u00e3o com mais de 95 anos e tamb\u00e9m para profissionais da sa\u00fade com mais de 60 anos.<\/p>\n\n\n\n<p>Para atender aos idosos com mais de 80 anos, a SEMUS programou a vacina\u00e7\u00e3o deste grupo para todo m\u00eas de fevereiro, com cada semana sendo destinada para determinada faixa et\u00e1ria. At\u00e9 a pr\u00f3xima sexta-feira, dia 5 de fevereiro, ser\u00e3o vacinadas pessoas com 95 anos ou mais. Na semana que vem, de 8 a 12, ser\u00e1 a vez dos idosos entre 90 a 94 anos. A semana entre os dias 15 a 19 de fevereiro ser\u00e1 para aqueles com idade entre 85 e 89 anos. Na \u00faltima semana de fevereiro, entre 22 e 26, para quem tem idade de 80 a 84 anos. O atendimento ser\u00e1 das 8h30 \u00e0s 16h, e o idoso dever\u00e1 apresentar carteira de identidade, CPF e cart\u00e3o SUS.<\/p>\n\n\n\n<p>Foram montados oito pontos de vacina\u00e7\u00e3o na cidade para os grupos de idosos com mais de 80 anos e para profissionais da sa\u00fade com mais de 60 anos. O drive thru do Centro Ol\u00edmpico e o Espa\u00e7o Municipal da Terceira Idade (ESMUTI) s\u00e3o exclusivos para o atendimento aos idosos com mais de 80 anos, seguindo a programa\u00e7\u00e3o definida pela SEMUS. J\u00e1 as Unidades B\u00e1sicas de Sa\u00fade de Para\u00edso, Vila de Cava e Austin, a Policl\u00ednica de Miguel Couto e as Cl\u00ednicas da Fam\u00edlia Odiceia Morais, no Centro, e Emilia Gomes, em Comendador Soares, atender\u00e3o, al\u00e9m do p\u00fablico com mais de 80 anos nos dias determinados, os profissionais da sa\u00fade com mais de 60 anos.<br>Entre os profissionais da sa\u00fade que est\u00e3o linha de frente do combate ao coronav\u00edrus est\u00e3o m\u00e9dicos, enfermeiros, nutricionistas, fisioterapeutas, terapeutas ocupacionais, bi\u00f3logos, biom\u00e9dicos, farmac\u00eauticos, odont\u00f3logos, fonoaudi\u00f3logos, psic\u00f3logos, assistentes sociais, m\u00e9dicos veterin\u00e1rios, t\u00e9cnicos de laborat\u00f3rio, t\u00e9cnicos e auxiliares de enfermagem, t\u00e9cnicos de radiologia, t\u00e9cnicos de higiene bucal. Para isso, os profissionais precisar\u00e3o apresentar a carteira de seus conselhos dentro da validade e que, portanto, estejam aptos a desempenhar suas fun\u00e7\u00f5es profissionais.<\/p>\n\n\n\n<p><strong>CONFIRA OS POSTOS EXCLUSIVOS PARA VACINAR IDOSOS ACIMA DE 80 ANOS (CONFORME CRONOGRAMA)<br>DRIVE THRU \u2013 CENTRO OL\u00cdMPICO DE NOVA IGUA\u00c7U<br><\/strong><br><strong>Avenida Governador Roberto da Silveira, 1725, Centro.<br><\/strong>Refer\u00eancia: Pr\u00f3ximo ao Viaduto da Posse e em frente \u00e0 Universidade Federal Rural do Rio de Janeiro (campus Nova Igua\u00e7u)<\/p>\n\n\n\n<p><strong>ESPA\u00c7O MUNICIPAL DA TERCEIRA IDADE DE NOVA IGUA\u00c7U (ESMUTI)<br><\/strong>Avenida Lu\u00eds de Matos, 736 \u2013 Bairro da Luz.<\/p>\n\n\n\n<p><strong>POSTOS DE VACINA\u00c7\u00c3O PARA PROFISSIONAIS DE SA\u00daDE MAIORES DE 60 ANOS E IDOSOS ACIMA DE 80 (CONFORME CRONOGRAMA)<br><\/strong><br><strong>UNIDADE B\u00c1SICA DO PARA\u00cdSO<br><\/strong>Rua Ing\u00e1 s\/n\u00ba \u2013 Jardim Para\u00edso<br>Refer\u00eancia: UPA 24 Horas Arquiteta Patr\u00edcia Marinho<\/p>\n\n\n\n<p><strong>UNIDADE BASICA DE SAUDE DE VILA DE CAVA<br><\/strong>Rua \u00c1lvaro Gon\u00e7alves, 103 \u2013 Vila de Cava<br>Refer\u00eancia: UPA 24 Horas Gisele Palhares Gouv\u00eaa<\/p>\n\n\n\n<p><strong>POLICL\u00cdNICA DE MIGUEL COUTO<br><\/strong>Rua Digomar Sim\u00f5es e Souza, 50 \u2013 Miguel Couto<br>Refer\u00eancia: UPA 24 Horas Carlinhos da Tingu\u00e1 \u2013 Miguel Couto<\/p>\n\n\n\n<p><strong>UNIDADE B\u00c1SICA DE SA\u00daDE DE AUSTIN<br><\/strong>Rua Coronel Monteiro de Barros, 783 \u2013 Austin<br>Refer\u00eancia: UPS 24 Horas Dr. Moacyr de Carvalho \u2013 Austin<br><strong>CL\u00cdNICA DA FAM\u00cdLIA ODICEIA MORAIS<br><\/strong>Rua Bol\u00edvia, s\/n\u00ba \u2013 Centro<\/p>\n\n\n\n<p><strong>CL\u00cdNICA DA FAM\u00cdLIA EMILIA GOMES<br><\/strong>Rua dos Quart\u00e9is, 221 \u2013 Comendador Soares<br>Refer\u00eancia: UPA 24 Horas Comendador Soares \u2013 Comendador Soares<\/p>\n","protected":false},"excerpt":{"rendered":"<p>A aplica\u00e7\u00e3o do imunizante Coronavac pela Secretaria Municipal de Sa\u00fade (SEMUS) entra em uma nova<\/p>\n","protected":false},"author":2,"featured_media":10064,"comment_status":"open","ping_status":"open","sticky":false,"template":"","format":"standard","meta":{"footnotes":""},"categories":[17],"tags":[],"class_list":["post-10063","post","type-post","status-publish","format-standard","has-post-thumbnail","hentry","category-outras-noticias"],"_links":{"self":[{"href":"https:\/\/tvc16.com\/portal\/wp-json\/wp\/v2\/posts\/10063","targetHints":{"allow":["GET"]}}],"collection":[{"href":"https:\/\/tvc16.com\/portal\/wp-json\/wp\/v2\/posts"}],"about":[{"href":"https:\/\/tvc16.com\/portal\/wp-json\/wp\/v2\/types\/post"}],"author":[{"embeddable":true,"href":"https:\/\/tvc16.com\/portal\/wp-json\/wp\/v2\/users\/2"}],"replies":[{"embeddable":true,"href":"https:\/\/tvc16.com\/portal\/wp-json\/wp\/v2\/comments?post=10063"}],"version-history":[{"count":1,"href":"https:\/\/tvc16.com\/portal\/wp-json\/wp\/v2\/posts\/10063\/revisions"}],"predecessor-version":[{"id":10065,"href":"https:\/\/tvc16.com\/portal\/wp-json\/wp\/v2\/posts\/10063\/revisions\/10065"}],"wp:featuredmedia":[{"embeddable":true,"href":"https:\/\/tvc16.com\/portal\/wp-json\/wp\/v2\/media\/10064"}],"wp:attachment":[{"href":"https:\/\/tvc16.com\/portal\/wp-json\/wp\/v2\/media?parent=10063"}],"wp:term":[{"taxonomy":"category","embeddable":true,"href":"https:\/\/tvc16.com\/portal\/wp-json\/wp\/v2\/categories?post=10063"},{"taxonomy":"post_tag","embeddable":true,"href":"https:\/\/tvc16.com\/portal\/wp-json\/wp\/v2\/tags?post=10063"}],"curies":[{"name":"wp","href":"https:\/\/api.w.org\/{rel}","templated":true}]}}