{"id":100640,"date":"2025-03-14T05:00:00","date_gmt":"2025-03-14T08:00:00","guid":{"rendered":"https:\/\/tvc16.com\/portal\/?p=100640"},"modified":"2025-03-13T16:04:04","modified_gmt":"2025-03-13T19:04:04","slug":"clinica-cappelli-e-referencia-em-implante-capilar-no-estado","status":"publish","type":"post","link":"https:\/\/tvc16.com\/portal\/2025\/03\/14\/clinica-cappelli-e-referencia-em-implante-capilar-no-estado\/","title":{"rendered":"Cl\u00ednica Cappelli \u00e9 refer\u00eancia em implante capilar no Estado"},"content":{"rendered":"\n<p>A Cl\u00ednica Cappelli tem se destacado como refer\u00eancia no mercado de implantes capilares no Brasil, com um compromisso \u00fanico de transformar a autoestima de seus pacientes. Com unidades em Barra da Tijuca (RJ) e em Juiz de Fora (MG), a cl\u00ednica tem conquistado uma vasta clientela, gra\u00e7as ao seu trabalho minucioso e altamente especializado.<\/p>\n\n\n\n<p>O principal objetivo da Cl\u00ednica Cappelli vai al\u00e9m de simplesmente restaurar a apar\u00eancia dos cabelos, focando na recupera\u00e7\u00e3o da confian\u00e7a e autoestima de cada paciente. Ao oferecer resultados completamente naturais, a cl\u00ednica garante que seus clientes possam recuperar n\u00e3o apenas o volume dos fios, mas tamb\u00e9m a liberdade de se sentirem bem consigo mesmos, sem receio de estigmas ligados \u00e0 calv\u00edcie.<\/p>\n\n\n\n<p>&#8220;A maioria dos pacientes sofrem com a autoestima por n\u00e3o terem cabelo. Alguns casos \u00e9 uma autoestima j\u00e1 declarada, com isso, usam bon\u00e9s, chap\u00e9us ou tentam fazer alguns cortes que disfar\u00e7am. Outros o problema \u00e9 com a autoestima velada, muitos n\u00e3o revelam que isso interfere. Raspam tudo, como se tivessem se aceitado, mas no fundo quando eles descobrem que existe tratamento, um transplante que pode reverter a situa\u00e7\u00e3o, eles procuram fazer&#8221;, explicou o fundador da cl\u00ednica, Victor Costa.<\/p>\n\n\n\n<p><strong>Processo feito de forma manual<\/strong><\/p>\n\n\n\n<p>O segredo do sucesso da cl\u00ednica est\u00e1 em seu processo de implanta\u00e7\u00e3o capilar, que \u00e9 feito totalmente de forma manual. Esse diferencial assegura um controle preciso durante todo o procedimento, garantindo a distribui\u00e7\u00e3o uniforme dos fios e um resultado est\u00e9tico impec\u00e1vel. Com mais de 1.500 procedimentos realizados, a Cl\u00ednica Cappelli tem um hist\u00f3rico comprovado de excel\u00eancia e satisfa\u00e7\u00e3o entre seus pacientes<\/p>\n\n\n\n<p>&#8220;Nosso maior foco \u00e9 sempre trabalhar com a naturalidade. Uma pessoa que era calva e faz o transplante com a gente, se algu\u00e9m n\u00e3o a conhece, o nosso trabalho \u00e9 com que a pessoa n\u00e3o saiba nem que um dia ela foi calva. A gente tem um atendimento totalmente humanizado e um p\u00f3s de autocuidado. Porque a gente entende que para obter um bom resultado, 50% \u00e9 executado na cirurgia e 50% ser\u00e1 na maneira que o paciente vai cuidar do seu p\u00f3s&#8221;, enfatizou Victor.<\/p>\n\n\n\n<p>Outro fator crucial que coloca a Cl\u00ednica Cappelli \u00e0 frente de muitas outras \u00e9 que os fios transplantados n\u00e3o sofrem com a calv\u00edcie. Ou seja, eles permanecem saud\u00e1veis e n\u00e3o caem, trazendo resultados duradouros e proporcionando tranquilidade aos pacientes que j\u00e1 passaram por outros tratamentos sem sucesso.<\/p>\n\n\n\n<p>&#8220;V\u00e1rios benef\u00edcios est\u00e3o atrelados ao transplante capilar e todos eles conectados \u00e0 quest\u00e3o da autoestima e da autoimagem. A partir do momento que o paciente se v\u00ea melhor, ele tem mais postura, tanto para trabalhar melhor quanto estar mais disposto no dia-a-dia com a fam\u00edlia. Tem vontade de viver mais&#8221;, finalizou o especialista.<\/p>\n\n\n\n<p> Foto: Cl\u00ednica Cappelli<\/p>\n","protected":false},"excerpt":{"rendered":"<p>A Cl\u00ednica Cappelli tem se destacado como refer\u00eancia no mercado de implantes capilares no Brasil,<\/p>\n","protected":false},"author":2,"featured_media":100641,"comment_status":"open","ping_status":"open","sticky":false,"template":"","format":"standard","meta":{"footnotes":""},"categories":[12],"tags":[],"class_list":["post-100640","post","type-post","status-publish","format-standard","has-post-thumbnail","hentry","category-cidade"],"_links":{"self":[{"href":"https:\/\/tvc16.com\/portal\/wp-json\/wp\/v2\/posts\/100640","targetHints":{"allow":["GET"]}}],"collection":[{"href":"https:\/\/tvc16.com\/portal\/wp-json\/wp\/v2\/posts"}],"about":[{"href":"https:\/\/tvc16.com\/portal\/wp-json\/wp\/v2\/types\/post"}],"author":[{"embeddable":true,"href":"https:\/\/tvc16.com\/portal\/wp-json\/wp\/v2\/users\/2"}],"replies":[{"embeddable":true,"href":"https:\/\/tvc16.com\/portal\/wp-json\/wp\/v2\/comments?post=100640"}],"version-history":[{"count":1,"href":"https:\/\/tvc16.com\/portal\/wp-json\/wp\/v2\/posts\/100640\/revisions"}],"predecessor-version":[{"id":100642,"href":"https:\/\/tvc16.com\/portal\/wp-json\/wp\/v2\/posts\/100640\/revisions\/100642"}],"wp:featuredmedia":[{"embeddable":true,"href":"https:\/\/tvc16.com\/portal\/wp-json\/wp\/v2\/media\/100641"}],"wp:attachment":[{"href":"https:\/\/tvc16.com\/portal\/wp-json\/wp\/v2\/media?parent=100640"}],"wp:term":[{"taxonomy":"category","embeddable":true,"href":"https:\/\/tvc16.com\/portal\/wp-json\/wp\/v2\/categories?post=100640"},{"taxonomy":"post_tag","embeddable":true,"href":"https:\/\/tvc16.com\/portal\/wp-json\/wp\/v2\/tags?post=100640"}],"curies":[{"name":"wp","href":"https:\/\/api.w.org\/{rel}","templated":true}]}}