{"id":100643,"date":"2025-03-14T05:00:00","date_gmt":"2025-03-14T08:00:00","guid":{"rendered":"https:\/\/tvc16.com\/portal\/?p=100643"},"modified":"2025-03-13T17:25:57","modified_gmt":"2025-03-13T20:25:57","slug":"estudo-inedito-de-alunas-egressas-do-cefet-rj-petropolis-e-publicado-em-revista-nacional-de-turismo","status":"publish","type":"post","link":"https:\/\/tvc16.com\/portal\/2025\/03\/14\/estudo-inedito-de-alunas-egressas-do-cefet-rj-petropolis-e-publicado-em-revista-nacional-de-turismo\/","title":{"rendered":"Estudo in\u00e9dito de alunas egressas do Cefet\/RJ Petr\u00f3polis \u00e9 publicado em revista nacional de turismo"},"content":{"rendered":"\n<p><em>Artigo aborda acessibilidade aeroportu\u00e1ria para passageiros neurodivergentes<\/em><\/p>\n\n\n\n<p>Maria Eduarda Andrada e Mariana Batista se formaram em Bacharelado em Turismo pelo Cefet\/RJ Uned Petr\u00f3polis em 2024. O estudo in\u00e9dito realizado por elas para o Trabalho de Conclus\u00e3o de Curso (TCC), sob a orienta\u00e7\u00e3o do professor Rafael Castro, virou artigo e foi publicado em fevereiro deste ano na Revista Brasileira de Pesquisa em Turismo (RBTUR), da Associa\u00e7\u00e3o Nacional de Pesquisa e P\u00f3s-gradua\u00e7\u00e3o em Turismo (ANPTUR).<\/p>\n\n\n\n<p>Intitulado&nbsp;<a rel=\"noreferrer noopener\" target=\"_blank\" href=\"https:\/\/na01.safelinks.protection.outlook.com\/?url=https%3A%2F%2Frbtur.org.br%2Frbtur%2Farticle%2Fview%2F3077&amp;data=05%7C02%7C%7Cdac5e9fc13124ab15afc08dd626b64d3%7C84df9e7fe9f640afb435aaaaaaaaaaaa%7C1%7C0%7C638774937143386253%7CUnknown%7CTWFpbGZsb3d8eyJFbXB0eU1hcGkiOnRydWUsIlYiOiIwLjAuMDAwMCIsIlAiOiJXaW4zMiIsIkFOIjoiTWFpbCIsIldUIjoyfQ%3D%3D%7C0%7C%7C%7C&amp;sdata=vgGsrqRcpUwq%2F6St%2BhABSmaY%2FAvefcxWiHlmq7F8A%2Fs%3D&amp;reserved=0\">\u201cAcessibilidade aeroportu\u00e1ria para passageiros neurodivergentes: uma pesquisa global sobre iniciativas e suas implica\u00e7\u00f5es\u201d,<\/a>&nbsp;o trabalho analisou as estrat\u00e9gias adotadas por aeroportos para promover a acessibilidade para pessoas com neurodiverg\u00eancias, como autismo, dislexia, transtorno de d\u00e9ficit de aten\u00e7\u00e3o, entre outras. A partir de uma extensa revis\u00e3o bibliogr\u00e1fica e uma pesquisa explorat\u00f3ria, o estudo constatou que os grandes aeroportos tendem a priorizar a\u00e7\u00f5es de acessibilidade mais simples e de baixo custo, em detrimento de mudan\u00e7as estruturais mais abrangentes.<\/p>\n\n\n\n<p>Maria Eduarda contou que foram cerca de tr\u00eas anos de pesquisa at\u00e9 a finaliza\u00e7\u00e3o do trabalho. \u201cDesde o in\u00edcio da faculdade, escolhi esse tema inspirado pela minha irm\u00e3, que possui condi\u00e7\u00f5es que exigem mais acessibilidade e inclus\u00e3o. Foi um processo desafiador, mas todo o esfor\u00e7o valeu a pena, pois o resultado final contribui para uma causa que considero fundamental para a inclus\u00e3o e a melhoria dos servi\u00e7os de transporte a\u00e9reo pelo mundo inteiro\u201d, destacou.<\/p>\n\n\n\n<p>Mariana Batista descreveu a pesquisa e a escrita do artigo como um processo \u00e1rduo e enriquecedor. \u201cEsse reconhecimento \u00e9 fruto de um trabalho que demandou muito esfor\u00e7o e, ao mesmo tempo, representa uma chance de impulsionar o debate sobre acessibilidade no turismo. Saber que nossa pesquisa pode inspirar novas reflex\u00f5es e servir como base para outros estudos me deixa extremamente feliz\u201d, ressaltou.<\/p>\n\n\n\n<p>O professor Rafael Castro, coautor do artigo, refor\u00e7ou a import\u00e2ncia da pesquisa para o desenvolvimento acad\u00eamico, profissional e pessoal dos alunos. \u201cNo caso da Maria Eduarda e da Mariana, elas se dedicaram verdadeiramente ao trabalho e conseguimos lograr essa publica\u00e7\u00e3o importante com um trabalho in\u00e9dito. Ningu\u00e9m havia ainda feito esse levantamento que elas fizeram. Tenho certeza de que essa experi\u00eancia fez toda a diferen\u00e7a na forma\u00e7\u00e3o das alunas e eu sou muito grato por ter podido orient\u00e1-las\u201d, frisou.<\/p>\n\n\n\n<p>Foto: divulga\u00e7\u00e3o <\/p>\n","protected":false},"excerpt":{"rendered":"<p>Artigo aborda acessibilidade aeroportu\u00e1ria para passageiros neurodivergentes Maria Eduarda Andrada e Mariana Batista se formaram<\/p>\n","protected":false},"author":2,"featured_media":100644,"comment_status":"open","ping_status":"open","sticky":false,"template":"","format":"standard","meta":{"footnotes":""},"categories":[1],"tags":[],"class_list":["post-100643","post","type-post","status-publish","format-standard","has-post-thumbnail","hentry","category-uncategorized"],"_links":{"self":[{"href":"https:\/\/tvc16.com\/portal\/wp-json\/wp\/v2\/posts\/100643","targetHints":{"allow":["GET"]}}],"collection":[{"href":"https:\/\/tvc16.com\/portal\/wp-json\/wp\/v2\/posts"}],"about":[{"href":"https:\/\/tvc16.com\/portal\/wp-json\/wp\/v2\/types\/post"}],"author":[{"embeddable":true,"href":"https:\/\/tvc16.com\/portal\/wp-json\/wp\/v2\/users\/2"}],"replies":[{"embeddable":true,"href":"https:\/\/tvc16.com\/portal\/wp-json\/wp\/v2\/comments?post=100643"}],"version-history":[{"count":1,"href":"https:\/\/tvc16.com\/portal\/wp-json\/wp\/v2\/posts\/100643\/revisions"}],"predecessor-version":[{"id":100645,"href":"https:\/\/tvc16.com\/portal\/wp-json\/wp\/v2\/posts\/100643\/revisions\/100645"}],"wp:featuredmedia":[{"embeddable":true,"href":"https:\/\/tvc16.com\/portal\/wp-json\/wp\/v2\/media\/100644"}],"wp:attachment":[{"href":"https:\/\/tvc16.com\/portal\/wp-json\/wp\/v2\/media?parent=100643"}],"wp:term":[{"taxonomy":"category","embeddable":true,"href":"https:\/\/tvc16.com\/portal\/wp-json\/wp\/v2\/categories?post=100643"},{"taxonomy":"post_tag","embeddable":true,"href":"https:\/\/tvc16.com\/portal\/wp-json\/wp\/v2\/tags?post=100643"}],"curies":[{"name":"wp","href":"https:\/\/api.w.org\/{rel}","templated":true}]}}