{"id":100656,"date":"2025-03-14T08:36:31","date_gmt":"2025-03-14T11:36:31","guid":{"rendered":"https:\/\/tvc16.com\/portal\/?p=100656"},"modified":"2025-03-14T08:36:33","modified_gmt":"2025-03-14T11:36:33","slug":"producao-de-motocicletas-em-2025-deve-ser-a-maior-desde-2011","status":"publish","type":"post","link":"https:\/\/tvc16.com\/portal\/2025\/03\/14\/producao-de-motocicletas-em-2025-deve-ser-a-maior-desde-2011\/","title":{"rendered":"Produ\u00e7\u00e3o de motocicletas em 2025 deve ser a maior desde 2011"},"content":{"rendered":"\n<p><em>Setor cresceu 25,8% na compara\u00e7\u00e3o de fevereiro com o ano passado<\/em><\/p>\n\n\n\n<p>Por Guilherme Jeronymo &#8211; rep\u00f3rter da Ag\u00eancia Brasil \/ Foto: Rovena Rosa\/Ag\u00eancia Brasil<\/p>\n\n\n\n<p><br>A produ\u00e7\u00e3o de motocicletas em fevereiro de 2025 foi de 176 mil unidades, o que representa um aumento de 25,8% em rela\u00e7\u00e3o a fevereiro de 2024 e de 6,4% perante janeiro de 2025. Os dados s\u00e3o da Abraciclo e incluem apenas o&nbsp;P\u00f3lo Industrial de Manaus, que concentra a maior parte da produ\u00e7\u00e3o do Brasil.<img decoding=\"async\" src=\"https:\/\/agenciabrasil.ebc.com.br\/ebc.png?id=1634524&amp;o=node\"><img decoding=\"async\" src=\"https:\/\/agenciabrasil.ebc.com.br\/ebc.gif?id=1634524&amp;o=node\"><\/p>\n\n\n\n<p>O setor apresenta crescimento desde que se recuperou&nbsp;da crise do meio da d\u00e9cada passada, com&nbsp;<strong>um salto de 883 mil unidades em 2018 para uma previs\u00e3o de 1,8 milh\u00e3o&nbsp;de unidades neste ano, o terceiro maior n\u00famero&nbsp;desde 1975<\/strong>.&nbsp;<\/p>\n\n\n\n<p>Os anos de maior produ\u00e7\u00e3o no setor foram 2011, com 2.136.891 de motociclietas;&nbsp;e 2008, com 2.140.907.<\/p>\n\n\n\n<p>As importa\u00e7\u00f5es t\u00eam se mantido est\u00e1veis nos \u00faltimos 10 anos, no patamar de 250 mil unidades\/ano, com amplo dom\u00ednio chin\u00eas, acima de 90%.<\/p>\n\n\n\n<p>As tr\u00eas categorias mais produzidas no primeiro bimestre e em fevereiro foram&nbsp;<em>street<\/em>&nbsp;[baixa ou m\u00e9dia cilindrada para uso urbano],&nbsp;<em>trail<\/em>&nbsp;[utilizada tanto em vias pavimentadas e estradas de ch\u00e3o]&nbsp;e motoneta [<em>scooters<\/em>&nbsp;e similares]. Nos dois primeiros meses, sa\u00edram das linhas de montagem 179.677 unidades da&nbsp;<em>street<\/em>, o que corresponde a 52,4% do total fabricado. A produ\u00e7\u00e3o da categoria&nbsp;<em>trail<\/em>&nbsp;atingiu 69.057 motocicletas (20,1% da produ\u00e7\u00e3o), e a da Motoneta somou 46.000 unidades (13,4%).<\/p>\n\n\n\n<p>Os emplacamentos tamb\u00e9m seguem em alta, com previs\u00e3o de vendas na casa de 2 milh\u00f5es de unidades em 2025.&nbsp;<strong>O setor vendeu 308 mil unidades no bimestre, 10% a mais do que no mesmo per\u00edodo em 2024<\/strong>. Foi o melhor primeiro bimestre j\u00e1 registrado pela entidade, com o adendo de que houve retra\u00e7\u00e3o em vendas (-1,3%) no Sudeste, maior mercado, mas expans\u00e3o no Nordeste (23,8%) e no Sul (21,4%).<\/p>\n\n\n\n<p><br><\/p>\n","protected":false},"excerpt":{"rendered":"<p>Setor cresceu 25,8% na compara\u00e7\u00e3o de fevereiro com o ano passado Por Guilherme Jeronymo &#8211;<\/p>\n","protected":false},"author":2,"featured_media":100657,"comment_status":"open","ping_status":"open","sticky":false,"template":"","format":"standard","meta":{"footnotes":""},"categories":[17],"tags":[],"class_list":["post-100656","post","type-post","status-publish","format-standard","has-post-thumbnail","hentry","category-outras-noticias"],"_links":{"self":[{"href":"https:\/\/tvc16.com\/portal\/wp-json\/wp\/v2\/posts\/100656","targetHints":{"allow":["GET"]}}],"collection":[{"href":"https:\/\/tvc16.com\/portal\/wp-json\/wp\/v2\/posts"}],"about":[{"href":"https:\/\/tvc16.com\/portal\/wp-json\/wp\/v2\/types\/post"}],"author":[{"embeddable":true,"href":"https:\/\/tvc16.com\/portal\/wp-json\/wp\/v2\/users\/2"}],"replies":[{"embeddable":true,"href":"https:\/\/tvc16.com\/portal\/wp-json\/wp\/v2\/comments?post=100656"}],"version-history":[{"count":1,"href":"https:\/\/tvc16.com\/portal\/wp-json\/wp\/v2\/posts\/100656\/revisions"}],"predecessor-version":[{"id":100658,"href":"https:\/\/tvc16.com\/portal\/wp-json\/wp\/v2\/posts\/100656\/revisions\/100658"}],"wp:featuredmedia":[{"embeddable":true,"href":"https:\/\/tvc16.com\/portal\/wp-json\/wp\/v2\/media\/100657"}],"wp:attachment":[{"href":"https:\/\/tvc16.com\/portal\/wp-json\/wp\/v2\/media?parent=100656"}],"wp:term":[{"taxonomy":"category","embeddable":true,"href":"https:\/\/tvc16.com\/portal\/wp-json\/wp\/v2\/categories?post=100656"},{"taxonomy":"post_tag","embeddable":true,"href":"https:\/\/tvc16.com\/portal\/wp-json\/wp\/v2\/tags?post=100656"}],"curies":[{"name":"wp","href":"https:\/\/api.w.org\/{rel}","templated":true}]}}