{"id":10066,"date":"2021-02-01T22:52:54","date_gmt":"2021-02-02T01:52:54","guid":{"rendered":"https:\/\/tvc16.com\/portal\/?p=10066"},"modified":"2021-02-01T22:52:56","modified_gmt":"2021-02-02T01:52:56","slug":"petropolis-nao-tera-ponto-facultativo-no-carnaval","status":"publish","type":"post","link":"https:\/\/tvc16.com\/portal\/2021\/02\/01\/petropolis-nao-tera-ponto-facultativo-no-carnaval\/","title":{"rendered":"Petr\u00f3polis n\u00e3o ter\u00e1 ponto facultativo no Carnaval"},"content":{"rendered":"\n<p>Governo interino de Petr\u00f3polis n\u00e3o vai decretar ponto facultativo nos dias 15 e 17 de fevereiro, per\u00edodo do feriado de Carnaval (16). Reparti\u00e7\u00f5es p\u00fablicas ir\u00e3o funcionar normalmente<\/p>\n\n\n\n<p>A medida pode contribuir para reduzir aglomera\u00e7\u00f5es e evitar o aumento de infec\u00e7\u00f5es pelo coronav\u00edrus. Fiscais das secretarias de Fazenda; Servi\u00e7o, Seguran\u00e7a e Ordem P\u00fablica (SSOP), Vigil\u00e2ncia Sanit\u00e1ria e Guarda Civil estar\u00e3o monitorando o descumprimento das normas de distanciamento social nos principais pontos da cidade durante esses dias.<\/p>\n","protected":false},"excerpt":{"rendered":"<p>Governo interino de Petr\u00f3polis n\u00e3o vai decretar ponto facultativo nos dias 15 e 17 de<\/p>\n","protected":false},"author":2,"featured_media":10067,"comment_status":"open","ping_status":"open","sticky":false,"template":"","format":"standard","meta":{"footnotes":""},"categories":[12],"tags":[],"class_list":["post-10066","post","type-post","status-publish","format-standard","has-post-thumbnail","hentry","category-cidade"],"_links":{"self":[{"href":"https:\/\/tvc16.com\/portal\/wp-json\/wp\/v2\/posts\/10066","targetHints":{"allow":["GET"]}}],"collection":[{"href":"https:\/\/tvc16.com\/portal\/wp-json\/wp\/v2\/posts"}],"about":[{"href":"https:\/\/tvc16.com\/portal\/wp-json\/wp\/v2\/types\/post"}],"author":[{"embeddable":true,"href":"https:\/\/tvc16.com\/portal\/wp-json\/wp\/v2\/users\/2"}],"replies":[{"embeddable":true,"href":"https:\/\/tvc16.com\/portal\/wp-json\/wp\/v2\/comments?post=10066"}],"version-history":[{"count":1,"href":"https:\/\/tvc16.com\/portal\/wp-json\/wp\/v2\/posts\/10066\/revisions"}],"predecessor-version":[{"id":10068,"href":"https:\/\/tvc16.com\/portal\/wp-json\/wp\/v2\/posts\/10066\/revisions\/10068"}],"wp:featuredmedia":[{"embeddable":true,"href":"https:\/\/tvc16.com\/portal\/wp-json\/wp\/v2\/media\/10067"}],"wp:attachment":[{"href":"https:\/\/tvc16.com\/portal\/wp-json\/wp\/v2\/media?parent=10066"}],"wp:term":[{"taxonomy":"category","embeddable":true,"href":"https:\/\/tvc16.com\/portal\/wp-json\/wp\/v2\/categories?post=10066"},{"taxonomy":"post_tag","embeddable":true,"href":"https:\/\/tvc16.com\/portal\/wp-json\/wp\/v2\/tags?post=10066"}],"curies":[{"name":"wp","href":"https:\/\/api.w.org\/{rel}","templated":true}]}}