{"id":100662,"date":"2025-03-14T08:42:30","date_gmt":"2025-03-14T11:42:30","guid":{"rendered":"https:\/\/tvc16.com\/portal\/?p=100662"},"modified":"2025-03-14T08:42:32","modified_gmt":"2025-03-14T11:42:32","slug":"prazo-para-justificar-ausencia-no-encceja-2024-comeca-segunda-feira","status":"publish","type":"post","link":"https:\/\/tvc16.com\/portal\/2025\/03\/14\/prazo-para-justificar-ausencia-no-encceja-2024-comeca-segunda-feira\/","title":{"rendered":"Prazo para justificar aus\u00eancia no Encceja 2024 come\u00e7a segunda-feira"},"content":{"rendered":"\n<p><em>Justificativa deve ser apresentada para obter inscri\u00e7\u00e3o gratuita<\/em><\/p>\n\n\n\n<p>Por Daniella Almeida &#8211; Rep\u00f3rter da Ag\u00eancia Brasil \/ Foto: Divulga\u00e7\u00e3o\/ MEC<\/p>\n\n\n\n<p><\/p>\n\n\n\n<p><strong>As pessoas interessadas em participar gratuitamente da edi\u00e7\u00e3o de 2025 do Exame Nacional para Certifica\u00e7\u00e3o de Compet\u00eancias de Jovens e Adultos (Encceja), mas que faltaram \u00e0s provas do exame no ano passado dever\u00e3o justificar a aus\u00eancia&nbsp;a partir de segunda-feira (17).<\/strong>&nbsp;O prazo termina no dia&nbsp;28 de mar\u00e7o.<img decoding=\"async\" src=\"https:\/\/agenciabrasil.ebc.com.br\/ebc.png?id=1634515&amp;o=node\"><img decoding=\"async\" src=\"https:\/\/agenciabrasil.ebc.com.br\/ebc.gif?id=1634515&amp;o=node\"><\/p>\n\n\n\n<p><strong>O prazo est\u00e1 previsto no&nbsp;<a href=\"https:\/\/www.in.gov.br\/en\/web\/dou\/-\/edital-n-15-de-11-de-marco-de-2025-617260967\" target=\"_blank\" rel=\"noreferrer noopener\">novo edital do Encceja<\/a><\/strong>, divulgado pelo Instituto Nacional de Estudos e Pesquisas Educacionais An\u00edsio Teixeira (Inep), nesta quarta-feira (12).<\/p>\n\n\n\n<p>O Encceja \u00e9 gratuito para quem n\u00e3o faltou a alguma edi\u00e7\u00e3o anterior, ou para quem faltou, mas conseguiu justificar a aus\u00eancia.<\/p>\n\n\n\n<p><strong>O resultado da solicita\u00e7\u00e3o ser\u00e1 divulgado em 7 de abril.&nbsp;<\/strong>O participante que n\u00e3o justificar sua aus\u00eancia no Encceja 2024 ou tiver a solicita\u00e7\u00e3o de justificativa reprovada dever\u00e1 ressarcir a pasta em R$ 40. O boleto \u2013 gerado no sistema de inscri\u00e7\u00e3o \u2013 poder\u00e1 ser pago at\u00e9 7 de maio.<\/p>\n\n\n\n<h2 class=\"wp-block-heading\">Encceja<\/h2>\n\n\n\n<p>O exame&nbsp;serve para atestar as compet\u00eancias, habilidades e saberes de jovens e adultos que n\u00e3o conclu\u00edram o ensino fundamental ou ensino m\u00e9dio na idade certa.&nbsp;<\/p>\n\n\n\n<p>Para participar do Encceja,&nbsp;<strong>\u00e9&nbsp;preciso ter idade m\u00ednima de 15 anos completos na data de realiza\u00e7\u00e3o do exame para fazer as provas do ensino fundamental; e 18 anos completos, para fazer as provas do ensino m\u00e9dio.<\/strong><\/p>\n\n\n\n<p>O Inep explica que&nbsp;<strong>quem tem mais de 18 anos pode tentar diretamente a certifica\u00e7\u00e3o do ensino m\u00e9dio.<\/strong>&nbsp;Isto porque n\u00e3o \u00e9 necess\u00e1rio ter o certificado do ensino fundamental para fazer a prova do ensino m\u00e9dio.<\/p>\n\n\n\n<h2 class=\"wp-block-heading\">Edi\u00e7\u00e3o de 2025<\/h2>\n\n\n\n<p><strong>As provas da edi\u00e7\u00e3o nacional Encceja 2025 ser\u00e3o aplicadas em 3 de agosto, em todos os estados e no Distrito Federal.<\/strong><\/p>\n\n\n\n<p>O exame \u00e9 aplicado anualmente pelo Inep, mas a emiss\u00e3o do certificado e declara\u00e7\u00e3o de profici\u00eancia \u00e9 responsabilidade das secretarias estaduais de Educa\u00e7\u00e3o e dos institutos federais de educa\u00e7\u00e3o, ci\u00eancia e tecnologia, que aderirem ao Encceja 2025.<\/p>\n\n\n\n<h2 class=\"wp-block-heading\">Inscri\u00e7\u00f5es e inclus\u00e3o<\/h2>\n\n\n\n<p>Os demais interessados em participar do exame de 2025 dever\u00e3o se inscrever no&nbsp;<a href=\"http:\/\/enccejanacional.inep.gov.br\/encceja\/#!\/inicial\" target=\"_blank\" rel=\"noreferrer noopener\">Sistema Encceja<\/a>, entre 21 de abril e 2 de maio.<\/p>\n\n\n\n<p>O participante que necessitar de atendimento especializado dever\u00e1 informar, no ato da inscri\u00e7\u00e3o, a condi\u00e7\u00e3o que motiva a solicita\u00e7\u00e3o, entre elas: baixa vis\u00e3o, cegueira, defici\u00eancia f\u00edsica, defici\u00eancia auditiva, intelectual, dislexia ou transtorno do espectro autista.<\/p>\n\n\n\n<p>O Inep avisou que, na edi\u00e7\u00e3o deste ano, Inep os participantes com diabetes poder\u00e3o se identificar na inscri\u00e7\u00e3o. A op\u00e7\u00e3o estar\u00e1 dispon\u00edvel no campo de atendimento especializado e ser\u00e1 validada mediante laudo m\u00e9dico comprobat\u00f3rio.<\/p>\n\n\n\n<p>As condi\u00e7\u00f5es de gestante, lactante, idoso, estudante em classe hospitalar tamb\u00e9m podem motivar atendimento especializado.<\/p>\n\n\n\n<p>Neste caso, o participante dever\u00e1 anexar um documento leg\u00edvel que comprove a condi\u00e7\u00e3o que motiva a solicita\u00e7\u00e3o de atendimento especializado.<\/p>\n\n\n\n<p><strong>As pessoas que desejarem usar o nome social durante o exame devem cadastr\u00e1-lo na Receita Federal e assinalar essa op\u00e7\u00e3o, durante o per\u00edodo de inscri\u00e7\u00e3o.<\/strong>&nbsp;O nome social \u00e9 o modo como a pessoa se autoidentifica. A partir da op\u00e7\u00e3o da pessoa inscrita, a identifica\u00e7\u00e3o social ser\u00e1 apresentada em todos os documentos e materiais administrativos do Encceja Nacional 2025.<\/p>\n\n\n\n<h2 class=\"wp-block-heading\">Servi\u00e7o<\/h2>\n\n\n\n<p>Para auxiliar na prepara\u00e7\u00e3o para a prova, o Inep&nbsp;<a href=\"http:\/\/enccejanacional.inep.gov.br\/encceja\/#!\/inicial\" target=\"_blank\" rel=\"noreferrer noopener\">disponibilizou material&nbsp;de estudo&nbsp;gratuito<\/a>&nbsp;para professores e tamb\u00e9m para estudantes que querem conquistar o certificado do ensino fundamental ou do ensino m\u00e9dio. Tamb\u00e9m \u00e9 poss\u00edvel estudar pelas&nbsp;<a href=\"https:\/\/www.gov.br\/inep\/pt-br\/areas-de-atuacao\/avaliacao-e-exames-educacionais\/encceja\/provas-e-gabaritos\" target=\"_blank\" rel=\"noreferrer noopener\">provas das edi\u00e7\u00f5es anteriores<\/a>.<br><\/p>\n","protected":false},"excerpt":{"rendered":"<p>Justificativa deve ser apresentada para obter inscri\u00e7\u00e3o gratuita Por Daniella Almeida &#8211; Rep\u00f3rter da Ag\u00eancia<\/p>\n","protected":false},"author":2,"featured_media":100663,"comment_status":"open","ping_status":"open","sticky":false,"template":"","format":"standard","meta":{"footnotes":""},"categories":[17],"tags":[],"class_list":["post-100662","post","type-post","status-publish","format-standard","has-post-thumbnail","hentry","category-outras-noticias"],"_links":{"self":[{"href":"https:\/\/tvc16.com\/portal\/wp-json\/wp\/v2\/posts\/100662","targetHints":{"allow":["GET"]}}],"collection":[{"href":"https:\/\/tvc16.com\/portal\/wp-json\/wp\/v2\/posts"}],"about":[{"href":"https:\/\/tvc16.com\/portal\/wp-json\/wp\/v2\/types\/post"}],"author":[{"embeddable":true,"href":"https:\/\/tvc16.com\/portal\/wp-json\/wp\/v2\/users\/2"}],"replies":[{"embeddable":true,"href":"https:\/\/tvc16.com\/portal\/wp-json\/wp\/v2\/comments?post=100662"}],"version-history":[{"count":1,"href":"https:\/\/tvc16.com\/portal\/wp-json\/wp\/v2\/posts\/100662\/revisions"}],"predecessor-version":[{"id":100664,"href":"https:\/\/tvc16.com\/portal\/wp-json\/wp\/v2\/posts\/100662\/revisions\/100664"}],"wp:featuredmedia":[{"embeddable":true,"href":"https:\/\/tvc16.com\/portal\/wp-json\/wp\/v2\/media\/100663"}],"wp:attachment":[{"href":"https:\/\/tvc16.com\/portal\/wp-json\/wp\/v2\/media?parent=100662"}],"wp:term":[{"taxonomy":"category","embeddable":true,"href":"https:\/\/tvc16.com\/portal\/wp-json\/wp\/v2\/categories?post=100662"},{"taxonomy":"post_tag","embeddable":true,"href":"https:\/\/tvc16.com\/portal\/wp-json\/wp\/v2\/tags?post=100662"}],"curies":[{"name":"wp","href":"https:\/\/api.w.org\/{rel}","templated":true}]}}