{"id":100671,"date":"2025-03-14T08:48:30","date_gmt":"2025-03-14T11:48:30","guid":{"rendered":"https:\/\/tvc16.com\/portal\/?p=100671"},"modified":"2025-03-14T08:48:49","modified_gmt":"2025-03-14T11:48:49","slug":"inscricoes-para-a-olimpiada-de-matematica-vao-ate-segunda-feira","status":"publish","type":"post","link":"https:\/\/tvc16.com\/portal\/2025\/03\/14\/inscricoes-para-a-olimpiada-de-matematica-vao-ate-segunda-feira\/","title":{"rendered":"Inscri\u00e7\u00f5es para a Olimp\u00edada de Matem\u00e1tica v\u00e3o at\u00e9 segunda-feira"},"content":{"rendered":"\n<p><em>Alunos de escolas p\u00fablicas e privadas podem participar da competi\u00e7\u00e3o<\/em><\/p>\n\n\n\n<p>Por Mariana Tokarnia &#8211; Rep\u00f3rter da Ag\u00eancia Brasil \/ Foto: Alexandre Campbell\/IMPA<\/p>\n\n\n\n<p><\/p>\n\n\n\n<p><strong>Escolas p\u00fablicas e privadas de todo o pa\u00eds t\u00eam at\u00e9 o dia 17 de mar\u00e7o para fazer a inscri\u00e7\u00e3o na 20\u00aa Olimp\u00edada Brasileira de Matem\u00e1tica das Escolas P\u00fablicas (Obmep).&nbsp;<\/strong>Considerada a maior competi\u00e7\u00e3o cient\u00edfica do Brasil, a olimp\u00edada \u00e9 voltada para alunos do 6\u00ba ano do ensino fundamental ao 3\u00ba ano do ensino m\u00e9dio.<img decoding=\"async\" src=\"https:\/\/agenciabrasil.ebc.com.br\/ebc.png?id=1634494&amp;o=node\"><img decoding=\"async\" src=\"https:\/\/agenciabrasil.ebc.com.br\/ebc.gif?id=1634494&amp;o=node\"><\/p>\n\n\n\n<p>Para participar, as escolas devem acessar o site&nbsp;<a href=\"http:\/\/www.obmep.org.br\/\" target=\"_blank\" rel=\"noreferrer noopener\">www.obmep.org.br<\/a>, preencher a ficha de inscri\u00e7\u00e3o dispon\u00edvel, informar o c\u00f3digo MEC\/INEP e criar uma senha de acesso. No&nbsp;<a href=\"http:\/\/%20http\/\/www.obmep.org.br\/regulamento.htm\" target=\"_blank\" rel=\"noreferrer noopener\">regulamento<\/a>,&nbsp;est\u00e3o dispon\u00edveis informa\u00e7\u00f5es sobre condi\u00e7\u00f5es, prazos, datas e regras previstas para participa\u00e7\u00e3o na competi\u00e7\u00e3o.<\/p>\n\n\n\n<p>Todos os anos a Obmep re\u00fane mais de 18 milh\u00f5es de estudantes. Criada pelo Instituto de Matem\u00e1tica Pura e Aplicada (Impa) em 2005, a competi\u00e7\u00e3o \u00e9 promovida com recursos do Minist\u00e9rio da Ci\u00eancia, Tecnologia e Inova\u00e7\u00e3o (MCTI) e do Minist\u00e9rio da Educa\u00e7\u00e3o (MEC). Neste ano, a olimp\u00edada comemora 20 anos.<\/p>\n\n\n\n<h2 class=\"wp-block-heading\">Provas<\/h2>\n\n\n\n<p>A competi\u00e7\u00e3o tem duas fases.<strong>&nbsp;A primeira fase \u00e9 uma prova objetiva de 20 quest\u00f5es, que ser\u00e1 aplicada em 3 de junho. J\u00e1 a segunda fase \u00e9 voltada para os classificados na primeira etapa, que fazem uma prova discursiva de seis quest\u00f5es, em 25 de outubro.<\/strong><\/p>\n\n\n\n<p>As quest\u00f5es s\u00e3o preparadas de acordo com o grau de escolaridade do aluno. O n\u00edvel 1 \u00e9 voltado para o 6\u00ba e 7\u00ba ano do ensino fundamental; o n\u00edvel 2, para o 8\u00ba e 9\u00ba ano do ensino fundamental; e, o n\u00edvel 3, para o ensino m\u00e9dio.&nbsp;<\/p>\n\n\n\n<p>A divulga\u00e7\u00e3o dos aprovados para a segunda etapa ser\u00e1 feita em 1\u00ba de agosto e a divulga\u00e7\u00e3o dos premiados em 22 de dezembro.<\/p>\n\n\n\n<h2 class=\"wp-block-heading\">Premia\u00e7\u00e3o<\/h2>\n\n\n\n<p>A Obmep vai distribuir 8.450 medalhas nacionais: 650 de ouro, 1.950 de prata e 5.850 de bronze, al\u00e9m de 51 mil certificados de men\u00e7\u00e3o honrosa.<\/p>\n\n\n\n<p>Os alunos&nbsp;premiados nacionalmente s\u00e3o convidados a participar do Programa de Inicia\u00e7\u00e3o Cient\u00edfica Jr. (PIC), voltado para o incentivo e promo\u00e7\u00e3o do desenvolvimento acad\u00eamico. Os participantes de escolas p\u00fablicas receber\u00e3o uma bolsa de R$ 300.<\/p>\n\n\n\n<p>Ser\u00e3o distribu\u00eddas ainda 20,5 mil medalhas estaduais&nbsp;para os alunos com os melhores desempenhos em cada estado.<\/p>\n\n\n\n<p>Os professores tamb\u00e9m ser\u00e3o homenageados. Ao todo, 969 professores ser\u00e3o premiados e ir\u00e3o receber, al\u00e9m de diploma e livro de apoio, uma medalha de ouro especial. Os professores premiados v\u00e3o concorrer ainda a oito viagens.<br><\/p>\n","protected":false},"excerpt":{"rendered":"<p>Alunos de escolas p\u00fablicas e privadas podem participar da competi\u00e7\u00e3o Por Mariana Tokarnia &#8211; Rep\u00f3rter<\/p>\n","protected":false},"author":2,"featured_media":100672,"comment_status":"open","ping_status":"open","sticky":false,"template":"","format":"standard","meta":{"footnotes":""},"categories":[17],"tags":[],"class_list":["post-100671","post","type-post","status-publish","format-standard","has-post-thumbnail","hentry","category-outras-noticias"],"_links":{"self":[{"href":"https:\/\/tvc16.com\/portal\/wp-json\/wp\/v2\/posts\/100671","targetHints":{"allow":["GET"]}}],"collection":[{"href":"https:\/\/tvc16.com\/portal\/wp-json\/wp\/v2\/posts"}],"about":[{"href":"https:\/\/tvc16.com\/portal\/wp-json\/wp\/v2\/types\/post"}],"author":[{"embeddable":true,"href":"https:\/\/tvc16.com\/portal\/wp-json\/wp\/v2\/users\/2"}],"replies":[{"embeddable":true,"href":"https:\/\/tvc16.com\/portal\/wp-json\/wp\/v2\/comments?post=100671"}],"version-history":[{"count":1,"href":"https:\/\/tvc16.com\/portal\/wp-json\/wp\/v2\/posts\/100671\/revisions"}],"predecessor-version":[{"id":100673,"href":"https:\/\/tvc16.com\/portal\/wp-json\/wp\/v2\/posts\/100671\/revisions\/100673"}],"wp:featuredmedia":[{"embeddable":true,"href":"https:\/\/tvc16.com\/portal\/wp-json\/wp\/v2\/media\/100672"}],"wp:attachment":[{"href":"https:\/\/tvc16.com\/portal\/wp-json\/wp\/v2\/media?parent=100671"}],"wp:term":[{"taxonomy":"category","embeddable":true,"href":"https:\/\/tvc16.com\/portal\/wp-json\/wp\/v2\/categories?post=100671"},{"taxonomy":"post_tag","embeddable":true,"href":"https:\/\/tvc16.com\/portal\/wp-json\/wp\/v2\/tags?post=100671"}],"curies":[{"name":"wp","href":"https:\/\/api.w.org\/{rel}","templated":true}]}}