{"id":100679,"date":"2025-03-14T08:58:58","date_gmt":"2025-03-14T11:58:58","guid":{"rendered":"https:\/\/tvc16.com\/portal\/?p=100679"},"modified":"2025-03-14T08:59:00","modified_gmt":"2025-03-14T11:59:00","slug":"idosos-passam-a-embarcar-nos-onibus-pela-porta-da-frente-em-petropolis","status":"publish","type":"post","link":"https:\/\/tvc16.com\/portal\/2025\/03\/14\/idosos-passam-a-embarcar-nos-onibus-pela-porta-da-frente-em-petropolis\/","title":{"rendered":"Idosos passam a embarcar nos \u00f4nibus pela porta da frente em Petr\u00f3polis"},"content":{"rendered":"\n<p><em>\u201cEmbarque Seguro\u201d come\u00e7a no dia 23 de mar\u00e7o, ampliando a seguran\u00e7a do p\u00fablico s\u00eanior<\/em><\/p>\n\n\n\n<p>Seguran\u00e7a ao embarcar no \u00f4nibus pela mesma porta de acesso de todos os passageiros, autonomia para o idoso e melhorias no planejamento das viagens, s\u00e3o algumas das vantagens do \u201cEmbarque Seguro\u201d. A partir de domingo, dia 23 de mar\u00e7o, idosos acima de 65 anos passam a utilizar a roleta dos \u00f4nibus, embarcando pela porta da frente, em Petr\u00f3polis, apresentando apenas um documento de identidade com foto.<\/p>\n\n\n\n<p>A mudan\u00e7a foi apresentada ao Comutran e j\u00e1 conta com a autoriza\u00e7\u00e3o do \u00f3rg\u00e3o p\u00fablico gestor. Cerca de 40 pessoas v\u00eam sendo contratadas e devidamente treinadas, para orientar e auxiliar os passageiros nos principais pontos de \u00f4nibus do munic\u00edpio.<\/p>\n\n\n\n<p>O embarque pela porta da frente \u00e9 uma realidade em diversas regi\u00f5es do pa\u00eds, como no munic\u00edpio do Rio de Janeiro, al\u00e9m de outras cidades da Regi\u00e3o Metropolitana do Estado. H\u00e1 muito tempo, essa medida vem gerando benef\u00edcios e mais seguran\u00e7a durante as viagens nestes locais.<\/p>\n\n\n\n<p>A mudan\u00e7a de h\u00e1bito e comportamento com o \u201cEmbarque Seguro\u201d n\u00e3o vai interferir nos direitos j\u00e1 assegurados ao p\u00fablico, como os assentos priorit\u00e1rios e a apresenta\u00e7\u00e3o de um documento de identidade com foto, que comprove a idade, para passar pela roleta.<\/p>\n\n\n\n<p>O Setranspetro ainda destaca a import\u00e2ncia do conhecimento real da totalidade de passageiros em Petr\u00f3polis, dando mais transpar\u00eancia para o setor, e entendendo de forma objetiva quais melhorias podem ser utilizadas no planejamento das viagens, levando em considera\u00e7\u00e3o os hor\u00e1rios e a quantidade total de passageiros em cada deslocamento.<\/p>\n\n\n\n<p>Al\u00e9m da contrata\u00e7\u00e3o de pessoas para o mutir\u00e3o, que estar\u00e1 espalhado em pontos estrat\u00e9gicos da cidade, o Setranspetro reuniu l\u00edderes e representantes de opera\u00e7\u00e3o das empresas de \u00f4nibus, na tarde desta quinta-feira (13), que passaram por treinamento, esclarecendo d\u00favidas. J\u00e1 a partir desta semana, todos os rodovi\u00e1rios come\u00e7am a receber as instru\u00e7\u00f5es atrav\u00e9s de treinamento.<\/p>\n\n\n\n<p>O Setranspetro tamb\u00e9m vai disponibilizar informa\u00e7\u00f5es na imprensa, com mat\u00e9rias jornal\u00edsticas; cartaz e busdoor nos coletivos; panfletos nos pontos de \u00f4nibus; al\u00e9m de conte\u00fados direcionados a este p\u00fablico, nas redes sociais, atrav\u00e9s do @setranspetro.<\/p>\n","protected":false},"excerpt":{"rendered":"<p>\u201cEmbarque Seguro\u201d come\u00e7a no dia 23 de mar\u00e7o, ampliando a seguran\u00e7a do p\u00fablico s\u00eanior Seguran\u00e7a<\/p>\n","protected":false},"author":2,"featured_media":100680,"comment_status":"open","ping_status":"open","sticky":false,"template":"","format":"standard","meta":{"footnotes":""},"categories":[12],"tags":[],"class_list":["post-100679","post","type-post","status-publish","format-standard","has-post-thumbnail","hentry","category-cidade"],"_links":{"self":[{"href":"https:\/\/tvc16.com\/portal\/wp-json\/wp\/v2\/posts\/100679","targetHints":{"allow":["GET"]}}],"collection":[{"href":"https:\/\/tvc16.com\/portal\/wp-json\/wp\/v2\/posts"}],"about":[{"href":"https:\/\/tvc16.com\/portal\/wp-json\/wp\/v2\/types\/post"}],"author":[{"embeddable":true,"href":"https:\/\/tvc16.com\/portal\/wp-json\/wp\/v2\/users\/2"}],"replies":[{"embeddable":true,"href":"https:\/\/tvc16.com\/portal\/wp-json\/wp\/v2\/comments?post=100679"}],"version-history":[{"count":1,"href":"https:\/\/tvc16.com\/portal\/wp-json\/wp\/v2\/posts\/100679\/revisions"}],"predecessor-version":[{"id":100681,"href":"https:\/\/tvc16.com\/portal\/wp-json\/wp\/v2\/posts\/100679\/revisions\/100681"}],"wp:featuredmedia":[{"embeddable":true,"href":"https:\/\/tvc16.com\/portal\/wp-json\/wp\/v2\/media\/100680"}],"wp:attachment":[{"href":"https:\/\/tvc16.com\/portal\/wp-json\/wp\/v2\/media?parent=100679"}],"wp:term":[{"taxonomy":"category","embeddable":true,"href":"https:\/\/tvc16.com\/portal\/wp-json\/wp\/v2\/categories?post=100679"},{"taxonomy":"post_tag","embeddable":true,"href":"https:\/\/tvc16.com\/portal\/wp-json\/wp\/v2\/tags?post=100679"}],"curies":[{"name":"wp","href":"https:\/\/api.w.org\/{rel}","templated":true}]}}