{"id":100686,"date":"2025-03-14T09:25:59","date_gmt":"2025-03-14T12:25:59","guid":{"rendered":"https:\/\/tvc16.com\/portal\/?p=100686"},"modified":"2025-03-14T09:26:03","modified_gmt":"2025-03-14T12:26:03","slug":"celebracao-pelos-182-anos-de-petropolis-comecam-nesta-sexta-feira","status":"publish","type":"post","link":"https:\/\/tvc16.com\/portal\/2025\/03\/14\/celebracao-pelos-182-anos-de-petropolis-comecam-nesta-sexta-feira\/","title":{"rendered":"Celebra\u00e7\u00e3o pelos 182 anos de Petr\u00f3polis come\u00e7am nesta sexta-feira"},"content":{"rendered":"\n<p>Os festejos pelos 182 anos da funda\u00e7\u00e3o de Petr\u00f3polis come\u00e7am nesta sexta-feira (14). O Pal\u00e1cio de Cristal, no Centro, vai receber as comemora\u00e7\u00f5es, que tamb\u00e9m celebram os 180 anos de imigra\u00e7\u00e3o alem\u00e3 na cidade.<\/p>\n\n\n\n<p>De sexta a domingo (14 a 16 de mar\u00e7o), no Pal\u00e1cio de Cristal, acontecer\u00e3o apresenta\u00e7\u00f5es dos grupos de dan\u00e7a da Associa\u00e7\u00e3o dos Grupos Folcl\u00f3ricos Alem\u00e3es de Petr\u00f3polis (AGFAP), al\u00e9m de barracas que estar\u00e3o oferecendo culin\u00e1ria t\u00edpica alem\u00e3.<\/p>\n\n\n\n<p>No dia 16, anivers\u00e1rio da cidade, acontecem as tradicionais celebra\u00e7\u00f5es com missa na Catedral S\u00e3o Pedro de Alc\u00e2ntara, homenagens ao Imperador Dom Pedro II e ao Major Julio Frederico Koeler e parab\u00e9ns na Pra\u00e7a Dom Pedro. Tamb\u00e9m no dia 16, acontece no Pal\u00e1cio de Cristal, a elei\u00e7\u00e3o da realeza da Baunerfest 2025.<\/p>\n\n\n\n<p><strong>Confira a programa\u00e7\u00e3o dos 182 anos de Petr\u00f3polis:<\/strong><\/p>\n\n\n\n<p>Sexta-feira &#8211; 14\/03 \u2013 Pal\u00e1cio de Cristal<br>16h &#8211; Abertura oficial, com banda do 32\u2070 Batalh\u00e3o de Infantaria Leve de Montanha &#8211; Dom Pedro II<br>17h &#8211; AGFAP &#8211; Aul\u00e3o de dan\u00e7as de integra\u00e7\u00e3o<br>20h &#8211; Blumenberg<\/p>\n\n\n\n<p>S\u00e1bado &#8211; 15\/03 \u2013 Pal\u00e1cio de Cristal<br>11h \u00e0s 12h &#8211; Bergstadt (infantil)<br>13h \u00e0s 14h &#8211; Bergstadt (infantil)<br>14h \u00e0s 15h &#8211; Petr\u00f3polis (infantil)<br>15h \u00e0s 17h &#8211; Rheinland (adulto)<br>18h \u00e0s 21h &#8211; Bauerngruppe (juvenil e adulto)<\/p>\n\n\n\n<p>Domingo &#8211; 16\/03 Anivers\u00e1rio da Cidade<br>9h30 \u2013 Missa na Catedral S\u00e3o de Pedro de Alc\u00e2ntara<br>10h30 \u2013 Homenagem ao Major Julio Frederico Koeler na Pra\u00e7a Princesa Isabel<br>11h \u2013 Homenagem ao Imperador Dom Pedro II e corte do bolo na Pra\u00e7a Dom Pedro<\/p>\n\n\n\n<p>Pal\u00e1cio de Cristal<br>11h \u00e0s 13h &#8211; Kaiserstadt (todas as categorias)<br>13h \u00e0s 15h &#8211; Bergstadt (adulto)<br>14h40 &#8211; Interven\u00e7\u00e3o musical com a banda Spiel Und Charm<br>15h &#8211; Elei\u00e7\u00e3o da realeza da Bauernfest 2025<br>18h &#8211; Bail\u00e3o da realeza 2025<\/p>\n","protected":false},"excerpt":{"rendered":"<p>Os festejos pelos 182 anos da funda\u00e7\u00e3o de Petr\u00f3polis come\u00e7am nesta sexta-feira (14). O Pal\u00e1cio<\/p>\n","protected":false},"author":2,"featured_media":91318,"comment_status":"open","ping_status":"open","sticky":false,"template":"","format":"standard","meta":{"footnotes":""},"categories":[12],"tags":[],"class_list":["post-100686","post","type-post","status-publish","format-standard","has-post-thumbnail","hentry","category-cidade"],"_links":{"self":[{"href":"https:\/\/tvc16.com\/portal\/wp-json\/wp\/v2\/posts\/100686","targetHints":{"allow":["GET"]}}],"collection":[{"href":"https:\/\/tvc16.com\/portal\/wp-json\/wp\/v2\/posts"}],"about":[{"href":"https:\/\/tvc16.com\/portal\/wp-json\/wp\/v2\/types\/post"}],"author":[{"embeddable":true,"href":"https:\/\/tvc16.com\/portal\/wp-json\/wp\/v2\/users\/2"}],"replies":[{"embeddable":true,"href":"https:\/\/tvc16.com\/portal\/wp-json\/wp\/v2\/comments?post=100686"}],"version-history":[{"count":1,"href":"https:\/\/tvc16.com\/portal\/wp-json\/wp\/v2\/posts\/100686\/revisions"}],"predecessor-version":[{"id":100687,"href":"https:\/\/tvc16.com\/portal\/wp-json\/wp\/v2\/posts\/100686\/revisions\/100687"}],"wp:featuredmedia":[{"embeddable":true,"href":"https:\/\/tvc16.com\/portal\/wp-json\/wp\/v2\/media\/91318"}],"wp:attachment":[{"href":"https:\/\/tvc16.com\/portal\/wp-json\/wp\/v2\/media?parent=100686"}],"wp:term":[{"taxonomy":"category","embeddable":true,"href":"https:\/\/tvc16.com\/portal\/wp-json\/wp\/v2\/categories?post=100686"},{"taxonomy":"post_tag","embeddable":true,"href":"https:\/\/tvc16.com\/portal\/wp-json\/wp\/v2\/tags?post=100686"}],"curies":[{"name":"wp","href":"https:\/\/api.w.org\/{rel}","templated":true}]}}