{"id":100694,"date":"2025-03-15T10:00:00","date_gmt":"2025-03-15T13:00:00","guid":{"rendered":"https:\/\/tvc16.com\/portal\/?p=100694"},"modified":"2025-03-14T17:32:13","modified_gmt":"2025-03-14T20:32:13","slug":"pesquisadora-da-ucp-e-uma-das-contempladas-com-edital-da-faperj-que-destinara-r-16-milhoes-para-pesquisas-desenvolvidas-por-mulheres","status":"publish","type":"post","link":"https:\/\/tvc16.com\/portal\/2025\/03\/15\/pesquisadora-da-ucp-e-uma-das-contempladas-com-edital-da-faperj-que-destinara-r-16-milhoes-para-pesquisas-desenvolvidas-por-mulheres\/","title":{"rendered":"Pesquisadora da UCP \u00e9 uma das contempladas com edital da FAPERJ que destinar\u00e1 R$ 16 milh\u00f5es para pesquisas desenvolvidas por mulheres"},"content":{"rendered":"\n<p><em>Ana Carolina Carius est\u00e1 entre as 200 pesquisadoras beneficiadas com o recurso liberado nesta quinta-feira (13.03) pelo governo do Estado<\/em><\/p>\n\n\n\n<p>Com verba de R$ 16 milh\u00f5es do governo do Estado,&nbsp;liberada nesta quinta-feira (13.03), e&nbsp;destinada a pesquisas desenvolvidas por meninas, mulheres e m\u00e3es na ci\u00eancia, a professora da Universidade Cat\u00f3lica de Petr\u00f3polis (UCP), Ana Carolina Carius, \u00e9 uma das 200 pesquisadoras contempladas com o edital e aux\u00edlio&nbsp;da Funda\u00e7\u00e3o Carlos Chagas Filho de Amparo \u00e0 Pesquisa do Estado do Rio de Janeiro (FAPERJ). Com o fomento, a iniciativa busca o incentivo de&nbsp;pesquisadoras e cientistas mulheres no estado do Rio de Janeiro.<\/p>\n\n\n\n<p>A presen\u00e7a do Parque Tecnol\u00f3gico Serratec e do Laborat\u00f3rio Nacional de Computa\u00e7\u00e3o Cient\u00edfica (LNCC) vocacionam a regi\u00e3o para o desenvolvimento de tecnologia e inova\u00e7\u00e3o. Apesar disso, de acordo com a pesquisa da professora Ana Carolina Carius, as empresas que comp\u00f5em o Serratec possuem dificuldades de encontrar colaboradores com forma\u00e7\u00e3o espec\u00edfica para as \u00e1reas de atua\u00e7\u00e3o destas empresas. Esse \u00e9 o ponto de partida do estudo proposto pela docente da UCP, que busca fomentar talentos femininos para as Ci\u00eancias Exatas na educa\u00e7\u00e3o b\u00e1sica, a partir do olhar que as estudantes possuem a respeito desta \u00e1rea em seu cotidiano escolar.<\/p>\n\n\n\n<p>Desenvolvido em parceria com o Programa de P\u00f3s-gradua\u00e7\u00e3o em Educa\u00e7\u00e3o (PPGE) e com o Centro de Engenharia e Computa\u00e7\u00e3o (CEC) da UCP, o projeto contar\u00e1 com recurso de mais de R$ 300 mil que ser\u00e3o destinados a bolsas e material de custeio para o trabalho, como computadores, impressora 3D, placas e sensores eletr\u00f4nicos. Intitulado&nbsp;<em>\u00c9 mimimi? Discutindo a representatividade feminina nas engenharias sob o olhar das estudantes da educa\u00e7\u00e3o b\u00e1sica<\/em>, participar\u00e3o do projeto quatro escolas p\u00fablicas do munic\u00edpio.<\/p>\n\n\n\n<p>\u201c\u00c9 a consolida\u00e7\u00e3o de um trabalho importante que estamos desenvolvendo, parceria do PPGE e o CEC.&nbsp; Em conjunto com o professor Felipe Baldner temos, atualmente, nove bolsistas atuando em conjunto com meus orientandos do mestrado\/doutorado e p\u00f3s-doutorado. Al\u00e9m disso, em 2025, eu e o professor Felipe organizamos um grupo de pesquisa conjunto chamado&nbsp;<em>Tecnocogni\u00e7\u00e3o<\/em>, reunindo 23 pesquisadores. Com a vinda deste projeto, se somam mais 14 bolsistas ao grupo de 34 pessoas, j\u00e1 existente. Estar entre as universidades p\u00fablicas, conseguindo uma verba expressiva, \u00e9 uma vit\u00f3ria para a linha de pesquisa e para a UCP\u201d, comemora a pesquisadora da UCP.<\/p>\n","protected":false},"excerpt":{"rendered":"<p>Ana Carolina Carius est\u00e1 entre as 200 pesquisadoras beneficiadas com o recurso liberado nesta quinta-feira<\/p>\n","protected":false},"author":2,"featured_media":100695,"comment_status":"open","ping_status":"open","sticky":false,"template":"","format":"standard","meta":{"footnotes":""},"categories":[12],"tags":[],"class_list":["post-100694","post","type-post","status-publish","format-standard","has-post-thumbnail","hentry","category-cidade"],"_links":{"self":[{"href":"https:\/\/tvc16.com\/portal\/wp-json\/wp\/v2\/posts\/100694","targetHints":{"allow":["GET"]}}],"collection":[{"href":"https:\/\/tvc16.com\/portal\/wp-json\/wp\/v2\/posts"}],"about":[{"href":"https:\/\/tvc16.com\/portal\/wp-json\/wp\/v2\/types\/post"}],"author":[{"embeddable":true,"href":"https:\/\/tvc16.com\/portal\/wp-json\/wp\/v2\/users\/2"}],"replies":[{"embeddable":true,"href":"https:\/\/tvc16.com\/portal\/wp-json\/wp\/v2\/comments?post=100694"}],"version-history":[{"count":1,"href":"https:\/\/tvc16.com\/portal\/wp-json\/wp\/v2\/posts\/100694\/revisions"}],"predecessor-version":[{"id":100696,"href":"https:\/\/tvc16.com\/portal\/wp-json\/wp\/v2\/posts\/100694\/revisions\/100696"}],"wp:featuredmedia":[{"embeddable":true,"href":"https:\/\/tvc16.com\/portal\/wp-json\/wp\/v2\/media\/100695"}],"wp:attachment":[{"href":"https:\/\/tvc16.com\/portal\/wp-json\/wp\/v2\/media?parent=100694"}],"wp:term":[{"taxonomy":"category","embeddable":true,"href":"https:\/\/tvc16.com\/portal\/wp-json\/wp\/v2\/categories?post=100694"},{"taxonomy":"post_tag","embeddable":true,"href":"https:\/\/tvc16.com\/portal\/wp-json\/wp\/v2\/tags?post=100694"}],"curies":[{"name":"wp","href":"https:\/\/api.w.org\/{rel}","templated":true}]}}