{"id":100697,"date":"2025-03-15T12:00:00","date_gmt":"2025-03-15T15:00:00","guid":{"rendered":"https:\/\/tvc16.com\/portal\/?p=100697"},"modified":"2025-03-14T17:37:32","modified_gmt":"2025-03-14T20:37:32","slug":"casa-de-petropolis-tera-evento-duplo-neste-sabado","status":"publish","type":"post","link":"https:\/\/tvc16.com\/portal\/2025\/03\/15\/casa-de-petropolis-tera-evento-duplo-neste-sabado\/","title":{"rendered":"Casa de Petr\u00f3polis ter\u00e1 evento duplo neste s\u00e1bado"},"content":{"rendered":"\n<p><em>Concerto musical e abertura de exposi\u00e7\u00e3o art\u00edstica prometem um dia repleto de cultura<\/em><\/p>\n\n\n\n<p>Neste s\u00e1bado, 15 de mar\u00e7o, a Casa de Petr\u00f3polis Instituto de Cultura ser\u00e1 palco de dois importantes eventos culturais. A partir das 16h30, o p\u00fablico poder\u00e1 conferir a abertura da exposi\u00e7\u00e3o &#8220;Arqueologias do Invis\u00edvel&#8221;, da artista Ju Bessler. Logo em seguida, \u00e0s 19h, o Duo Cora\u00e7\u00e3o Brasileiro, formado pelo trompetista Silv\u00e9rio Pontes e pelo pianista Antonio Guerra, apresentar\u00e1 o concerto &#8220;Cora\u00e7\u00e3o Brasileiro&#8221;.<\/p>\n\n\n\n<p>A exposi\u00e7\u00e3o &#8220;Arqueologias do Invis\u00edvel&#8221; traz uma reflex\u00e3o sobre as din\u00e2micas do tempo atual, inspirada em pensadores contempor\u00e2neos. Ju Bessler explora temas como o v\u00edcio digital, a destrui\u00e7\u00e3o ecol\u00f3gica e a interconex\u00e3o da natureza atrav\u00e9s de suas obras, que incluem desde retratos expressivos at\u00e9 instala\u00e7\u00f5es que desafiam a percep\u00e7\u00e3o do p\u00fablico.<\/p>\n\n\n\n<p>Em paralelo, o Duo Cora\u00e7\u00e3o Brasileiro celebrar\u00e1 a m\u00fasica brasileira com um repert\u00f3rio que mescla choro, samba, maxixe e jazz. O duo \u00e9 conhecido por suas performances que unem t\u00e9cnica primorosa e uma profunda conex\u00e3o com as ra\u00edzes musicais brasileiras. Entre as pe\u00e7as escolhidas est\u00e3o cl\u00e1ssicos de Pixinguinha, Egberto Gismonti e Jo\u00e3o Bosco, al\u00e9m de composi\u00e7\u00f5es autorais.<\/p>\n\n\n\n<p>O evento \u00e9 uma excelente oportunidade para os entusiastas da arte e da m\u00fasica experimentarem a rica cultura brasileira em um dos mais emblem\u00e1ticos espa\u00e7os culturais de Petr\u00f3polis.<\/p>\n","protected":false},"excerpt":{"rendered":"<p>Concerto musical e abertura de exposi\u00e7\u00e3o art\u00edstica prometem um dia repleto de cultura Neste s\u00e1bado,<\/p>\n","protected":false},"author":2,"featured_media":100698,"comment_status":"open","ping_status":"open","sticky":false,"template":"","format":"standard","meta":{"footnotes":""},"categories":[12],"tags":[],"class_list":["post-100697","post","type-post","status-publish","format-standard","has-post-thumbnail","hentry","category-cidade"],"_links":{"self":[{"href":"https:\/\/tvc16.com\/portal\/wp-json\/wp\/v2\/posts\/100697","targetHints":{"allow":["GET"]}}],"collection":[{"href":"https:\/\/tvc16.com\/portal\/wp-json\/wp\/v2\/posts"}],"about":[{"href":"https:\/\/tvc16.com\/portal\/wp-json\/wp\/v2\/types\/post"}],"author":[{"embeddable":true,"href":"https:\/\/tvc16.com\/portal\/wp-json\/wp\/v2\/users\/2"}],"replies":[{"embeddable":true,"href":"https:\/\/tvc16.com\/portal\/wp-json\/wp\/v2\/comments?post=100697"}],"version-history":[{"count":1,"href":"https:\/\/tvc16.com\/portal\/wp-json\/wp\/v2\/posts\/100697\/revisions"}],"predecessor-version":[{"id":100699,"href":"https:\/\/tvc16.com\/portal\/wp-json\/wp\/v2\/posts\/100697\/revisions\/100699"}],"wp:featuredmedia":[{"embeddable":true,"href":"https:\/\/tvc16.com\/portal\/wp-json\/wp\/v2\/media\/100698"}],"wp:attachment":[{"href":"https:\/\/tvc16.com\/portal\/wp-json\/wp\/v2\/media?parent=100697"}],"wp:term":[{"taxonomy":"category","embeddable":true,"href":"https:\/\/tvc16.com\/portal\/wp-json\/wp\/v2\/categories?post=100697"},{"taxonomy":"post_tag","embeddable":true,"href":"https:\/\/tvc16.com\/portal\/wp-json\/wp\/v2\/tags?post=100697"}],"curies":[{"name":"wp","href":"https:\/\/api.w.org\/{rel}","templated":true}]}}