{"id":100703,"date":"2025-03-15T16:00:00","date_gmt":"2025-03-15T19:00:00","guid":{"rendered":"https:\/\/tvc16.com\/portal\/?p=100703"},"modified":"2025-03-15T12:52:38","modified_gmt":"2025-03-15T15:52:38","slug":"prefeitura-inaugura-primeira-horta-didatica-no-crei-joao-pedro-rosa","status":"publish","type":"post","link":"https:\/\/tvc16.com\/portal\/2025\/03\/15\/prefeitura-inaugura-primeira-horta-didatica-no-crei-joao-pedro-rosa\/","title":{"rendered":"Prefeitura inaugura primeira horta did\u00e1tica no CREI Jo\u00e3o Pedro Rosa"},"content":{"rendered":"\n<p>A Prefeitura, por meio das secretarias de desenvolvimento, meio ambiente, educa\u00e7\u00e3o, e a COMDEP, inaugurou, nesta quinta-feira (13), a primeira horta did\u00e1tica no Centro de Refer\u00eancia em Educa\u00e7\u00e3o Inclusiva (CREI) Jo\u00e3o Pedro de Souza Rosa. A horta ser\u00e1 dividida para os alunos do CREI e do CEI Monsenhor Paulo Elias.<\/p>\n\n\n\n<p>\u201cEsse \u00e9 um trabalho integrado das nossas secretarias, um projeto que ressalta a import\u00e2ncia dessa uni\u00e3o e trabalho em equipe. \u00c9 uma excelente oportunidade para que as crian\u00e7as possam ter contato com hortali\u00e7as e a natureza\u201d, destaca o prefeito Hingo Hammes.<\/p>\n\n\n\n<p>No crei foram plantadas mudas de alface, salsa, cebolinha, r\u00facula e mostarda, que ser\u00e3o administradas pelos pr\u00f3prios alunos, com aux\u00edlio de funcion\u00e1rios das escolas e das secretarias &#8220;Esse \u00e9 um trabalho fundamental, um projeto piloto que visa estimular o desenvolvimento integral das crian\u00e7as por meio do contato com a natureza. \u00c9 uma a\u00e7\u00e3o motivacional que busca inspirar nas crian\u00e7as essa consci\u00eancia ecol\u00f3gica\u201d, disse o secret\u00e1rio de Desenvolvimento Econ\u00f4mico Samir El Ghaoui.<\/p>\n\n\n\n<p>A atividade busca incentivar as crian\u00e7as a terem contato com a natureza, al\u00e9m de trabalhar temas como educa\u00e7\u00e3o ambiental, educa\u00e7\u00e3o alimentar, al\u00e9m de incentivar que as crian\u00e7as levem as hortali\u00e7as para casa, e promova integra\u00e7\u00e3o com toda a comunidade \u201cVoltamos a ser crian\u00e7as aqui. Mexendo com a terra e vendo a pureza das crian\u00e7as. Essa \u00e9 uma oportunidade para plantarmos uma semente na cabe\u00e7a delas, de interesse pelo meio ambiente, pela educa\u00e7\u00e3o alimentar e para expandir esse trabalho com toda comunidade em torno da fam\u00edlia delas\u201d, celebra o secret\u00e1rio de Educa\u00e7\u00e3o Alexandre Gurgel.<\/p>\n","protected":false},"excerpt":{"rendered":"<p>A Prefeitura, por meio das secretarias de desenvolvimento, meio ambiente, educa\u00e7\u00e3o, e a COMDEP, inaugurou,<\/p>\n","protected":false},"author":2,"featured_media":100704,"comment_status":"open","ping_status":"open","sticky":false,"template":"","format":"standard","meta":{"footnotes":""},"categories":[12],"tags":[],"class_list":["post-100703","post","type-post","status-publish","format-standard","has-post-thumbnail","hentry","category-cidade"],"_links":{"self":[{"href":"https:\/\/tvc16.com\/portal\/wp-json\/wp\/v2\/posts\/100703","targetHints":{"allow":["GET"]}}],"collection":[{"href":"https:\/\/tvc16.com\/portal\/wp-json\/wp\/v2\/posts"}],"about":[{"href":"https:\/\/tvc16.com\/portal\/wp-json\/wp\/v2\/types\/post"}],"author":[{"embeddable":true,"href":"https:\/\/tvc16.com\/portal\/wp-json\/wp\/v2\/users\/2"}],"replies":[{"embeddable":true,"href":"https:\/\/tvc16.com\/portal\/wp-json\/wp\/v2\/comments?post=100703"}],"version-history":[{"count":1,"href":"https:\/\/tvc16.com\/portal\/wp-json\/wp\/v2\/posts\/100703\/revisions"}],"predecessor-version":[{"id":100705,"href":"https:\/\/tvc16.com\/portal\/wp-json\/wp\/v2\/posts\/100703\/revisions\/100705"}],"wp:featuredmedia":[{"embeddable":true,"href":"https:\/\/tvc16.com\/portal\/wp-json\/wp\/v2\/media\/100704"}],"wp:attachment":[{"href":"https:\/\/tvc16.com\/portal\/wp-json\/wp\/v2\/media?parent=100703"}],"wp:term":[{"taxonomy":"category","embeddable":true,"href":"https:\/\/tvc16.com\/portal\/wp-json\/wp\/v2\/categories?post=100703"},{"taxonomy":"post_tag","embeddable":true,"href":"https:\/\/tvc16.com\/portal\/wp-json\/wp\/v2\/tags?post=100703"}],"curies":[{"name":"wp","href":"https:\/\/api.w.org\/{rel}","templated":true}]}}