{"id":100706,"date":"2025-03-15T18:00:00","date_gmt":"2025-03-15T21:00:00","guid":{"rendered":"https:\/\/tvc16.com\/portal\/?p=100706"},"modified":"2025-03-15T12:39:20","modified_gmt":"2025-03-15T15:39:20","slug":"audiencia-publica-debate-decisao-judicial-sobre-separacao-da-contribuicao-de-iluminacao-publica-da-conta-de-energia-em-petropolis","status":"publish","type":"post","link":"https:\/\/tvc16.com\/portal\/2025\/03\/15\/audiencia-publica-debate-decisao-judicial-sobre-separacao-da-contribuicao-de-iluminacao-publica-da-conta-de-energia-em-petropolis\/","title":{"rendered":"Audi\u00eancia P\u00fablica debate decis\u00e3o judicial sobre separa\u00e7\u00e3o da Contribui\u00e7\u00e3o de Ilumina\u00e7\u00e3o P\u00fablica da conta de energia"},"content":{"rendered":"\n<p>Na \u00faltima audi\u00eancia p\u00fablica na C\u00e2mara Municipal de Petr\u00f3polis, vereadores, representantes da sociedade civil, da Defensoria P\u00fablica e da Enel discutiram a decis\u00e3o judicial que confirmou a constitucionalidade da Lei Municipal 8.720\/2024. A legisla\u00e7\u00e3o determina a separa\u00e7\u00e3o da cobran\u00e7a da Contribui\u00e7\u00e3o de Ilumina\u00e7\u00e3o P\u00fablica (CIP) da conta de energia el\u00e9trica, promovendo mais transpar\u00eancia e justi\u00e7a na arrecada\u00e7\u00e3o.<\/p>\n\n\n\n<p>Presidida pelo vereador L\u00e9o Fran\u00e7a, a audi\u00eancia contou com a participa\u00e7\u00e3o dos vereadores J\u00falia Casamasso, Junior Paix\u00e3o, Tiago Leite e J\u00fanior Coruja. Tamb\u00e9m estiveram presentes o defensor p\u00fablico da Tutela Coletiva de Petr\u00f3polis, Lucas Nunes, os representantes da ENEL, Jonathan Novaes e Lu\u00eds Fernando Peixoto, e a representante jur\u00eddica da C\u00e2mara Municipal, Caroline Cerqueira.<\/p>\n\n\n\n<p>A decis\u00e3o judicial determinou que a Prefeitura e a ENEL devem adotar imediatamente a separa\u00e7\u00e3o da CIP da conta de energia, uma medida que visa garantir mais transpar\u00eancia sobre os valores cobrados. O vereador L\u00e9o Fran\u00e7a questionou a demora na aplica\u00e7\u00e3o da decis\u00e3o judicial e destacou a necessidade de uma fiscaliza\u00e7\u00e3o rigorosa para assegurar a correta destina\u00e7\u00e3o dos recursos arrecadados. Foram levantadas quest\u00f5es como a devolu\u00e7\u00e3o de valores cobrados indevidamente e a isen\u00e7\u00e3o para quem mora em locais que n\u00e3o t\u00eam ilumina\u00e7\u00e3o p\u00fablica.<\/p>\n\n\n\n<p>Os representantes da ENEL explicaram que a cobran\u00e7a da CIP \u00e9 feita com base na lei municipal vigente e que a concession\u00e1ria apenas facilita a arrecada\u00e7\u00e3o e o repasse ao munic\u00edpio. Informaram que 95% do parque de ilumina\u00e7\u00e3o p\u00fablica do pa\u00eds n\u00e3o possui medi\u00e7\u00e3o individual e que a cobran\u00e7a \u00e9 calculada com base em estimativas de consumo. Tamb\u00e9m esclareceram que, caso a prefeitura opte por assumir diretamente a arrecada\u00e7\u00e3o, a ENEL suspenderia o contrato de faturamento da CIP, pois seu sistema n\u00e3o permite a separa\u00e7\u00e3o do c\u00f3digo de barras na conta de energia.<\/p>\n\n\n\n<p>A audi\u00eancia destacou a import\u00e2ncia da transpar\u00eancia e da correta aplica\u00e7\u00e3o dos recursos. O vereador L\u00e9o Fran\u00e7a encerrou reafirmando seu compromisso em cobrar da Prefeitura a implementa\u00e7\u00e3o da decis\u00e3o judicial.<\/p>\n\n\n\n<p><\/p>\n","protected":false},"excerpt":{"rendered":"<p>Na \u00faltima audi\u00eancia p\u00fablica na C\u00e2mara Municipal de Petr\u00f3polis, vereadores, representantes da sociedade civil, da<\/p>\n","protected":false},"author":2,"featured_media":100707,"comment_status":"open","ping_status":"open","sticky":false,"template":"","format":"standard","meta":{"footnotes":""},"categories":[12],"tags":[],"class_list":["post-100706","post","type-post","status-publish","format-standard","has-post-thumbnail","hentry","category-cidade"],"_links":{"self":[{"href":"https:\/\/tvc16.com\/portal\/wp-json\/wp\/v2\/posts\/100706","targetHints":{"allow":["GET"]}}],"collection":[{"href":"https:\/\/tvc16.com\/portal\/wp-json\/wp\/v2\/posts"}],"about":[{"href":"https:\/\/tvc16.com\/portal\/wp-json\/wp\/v2\/types\/post"}],"author":[{"embeddable":true,"href":"https:\/\/tvc16.com\/portal\/wp-json\/wp\/v2\/users\/2"}],"replies":[{"embeddable":true,"href":"https:\/\/tvc16.com\/portal\/wp-json\/wp\/v2\/comments?post=100706"}],"version-history":[{"count":2,"href":"https:\/\/tvc16.com\/portal\/wp-json\/wp\/v2\/posts\/100706\/revisions"}],"predecessor-version":[{"id":100725,"href":"https:\/\/tvc16.com\/portal\/wp-json\/wp\/v2\/posts\/100706\/revisions\/100725"}],"wp:featuredmedia":[{"embeddable":true,"href":"https:\/\/tvc16.com\/portal\/wp-json\/wp\/v2\/media\/100707"}],"wp:attachment":[{"href":"https:\/\/tvc16.com\/portal\/wp-json\/wp\/v2\/media?parent=100706"}],"wp:term":[{"taxonomy":"category","embeddable":true,"href":"https:\/\/tvc16.com\/portal\/wp-json\/wp\/v2\/categories?post=100706"},{"taxonomy":"post_tag","embeddable":true,"href":"https:\/\/tvc16.com\/portal\/wp-json\/wp\/v2\/tags?post=100706"}],"curies":[{"name":"wp","href":"https:\/\/api.w.org\/{rel}","templated":true}]}}