{"id":100709,"date":"2025-03-15T07:00:00","date_gmt":"2025-03-15T10:00:00","guid":{"rendered":"https:\/\/tvc16.com\/portal\/?p=100709"},"modified":"2025-03-14T17:57:31","modified_gmt":"2025-03-14T20:57:31","slug":"governo-do-estado-lanca-programa-de-capacitacao-profissional-para-ampliar-oportunidades-de-emprego-e-impulsionar-a-economia-do-mar-no-rio-de-janeiro","status":"publish","type":"post","link":"https:\/\/tvc16.com\/portal\/2025\/03\/15\/governo-do-estado-lanca-programa-de-capacitacao-profissional-para-ampliar-oportunidades-de-emprego-e-impulsionar-a-economia-do-mar-no-rio-de-janeiro\/","title":{"rendered":"Governo do Estado lan\u00e7a programa de capacita\u00e7\u00e3o profissional para ampliar oportunidades de emprego e impulsionar a economia do mar no Rio de Janeiro"},"content":{"rendered":"\n<p>A iniciativa Empregos Azuis \u2013 Um Mar de Oportunidades oferecer\u00e1 mais de 10 cursos de especializa\u00e7\u00e3o, em parceria com munic\u00edpios e empresas privadas<\/p>\n\n\n\n<p>O Governo do Estado lan\u00e7ou nesta sexta-feira (14\/03), o programa Empregos Azuis \u2013 Um Mar de Oportunidades, para capacita\u00e7\u00e3o e certifica\u00e7\u00e3o de profissionais no segmento de Economia do Mar. Por meio de parcerias com munic\u00edpios e empresas do setor privado, realizadas pela Secretaria de Estado de Energia e Economia do Mar, ser\u00e3o oferecidos cursos gratuitos de especializa\u00e7\u00e3o nas \u00e1reas de Seguran\u00e7a em Montagem de Andaime, Caldeireiro, Arrais Amador, Mestre Amador, Movimenta\u00e7\u00e3o de Carga, Taifeiro, Marinheiro de Conv\u00e9s, Marinheiro Auxiliar de M\u00e1quinas, Pintura Industrial e Corros\u00e3o, Soldador, Mec\u00e2nico de Motor a Diesel, Eletricista de Embarca\u00e7\u00e3o, Seguran\u00e7a de Plataforma, Combate a Inc\u00eandio e Operador de Guindaste, entre outros. A capacita\u00e7\u00e3o incluir\u00e1 treinamento pr\u00e1tico e certifica\u00e7\u00e3o, preparando trabalhadores para um mercado cada vez mais competitivo.<\/p>\n\n\n\n<p>\u2013 Essa iniciativa refor\u00e7a o papel do Rio de Janeiro como refer\u00eancia nacional na economia mar\u00edtima. Ao investir na qualifica\u00e7\u00e3o profissional, estamos ampliando n\u00e3o apenas as chances de empregabilidade de nossos trabalhadores, mas tamb\u00e9m impulsionando a revitaliza\u00e7\u00e3o e o crescimento da ind\u00fastria naval, offshore e de log\u00edstica portu\u00e1ria. A parceria com munic\u00edpios e empresas privadas garante que a capacita\u00e7\u00e3o esteja alinhada \u00e0s necessidades reais do mercado, aumentando a competitividade dos profissionais e promovendo um ciclo sustent\u00e1vel de desenvolvimento e inova\u00e7\u00e3o \u2013 declarou o governador Cl\u00e1udio Castro.<\/p>\n\n\n\n<p>O objetivo do novo programa \u00e9 formar cerca de 2.000 alunos em um ano, por meio de conv\u00eanios com prefeituras, empresas e institui\u00e7\u00f5es. J\u00e1 foram assinados Memorandos de Entendimentos com as prefeituras de S\u00e3o Gon\u00e7alo, S\u00e3o Francisco de Itabapoana, Campos dos Goytacazes, Maca\u00e9, Angra dos Reis e s\u00e3o Fid\u00e9lis, o Instituto Nacional de Aprimoramento Aquavi\u00e1rio (INAA) e com a Associa\u00e7\u00e3o Brasileira de Corros\u00e3o (Abraco). Futuras parcerias com a Marinha do Brasil, Firjan\/Senai e a KarpowerShipBrasil (KPS), est\u00e3o em andamento.<\/p>\n\n\n\n<p>\u2013 A economia do mar \u00e9 uma das principais fontes de receita do estado e um motor de inova\u00e7\u00e3o tecnol\u00f3gica, promovendo a moderniza\u00e7\u00e3o da infraestrutura portu\u00e1ria, o fortalecimento da ind\u00fastria naval e o crescimento do setor de transporte e log\u00edstica mar\u00edtima. Al\u00e9m disso, o turismo costeiro e as atividades pesqueiras desempenham um papel essencial na dinamiza\u00e7\u00e3o da economia, ampliando oportunidades para trabalhadores em diversas \u00e1reas. Com o programa Empregos Azuis, queremos capacitar o cidad\u00e3o fluminense, para que as nossas empresas n\u00e3o precisem captar m\u00e3o de obra especializada em outros estados \u2013 afirmou o secret\u00e1rio de Estado de Energia e Economia do Mar, C\u00e1ssio Coelho.<\/p>\n\n\n\n<p>Com 635 km de litoral, o Rio de Janeiro tem a terceira maior costa do pa\u00eds e \u00e9 o maior produtor nacional de petr\u00f3leo e g\u00e1s. Esse vasto potencial impulsiona o desenvolvimento econ\u00f4mico fluminense, gerando milhares de empregos diretos e indiretos, fomentando polos industriais, centros de pesquisa e cadeias de suprimentos essenciais.<\/p>\n","protected":false},"excerpt":{"rendered":"<p>A iniciativa Empregos Azuis \u2013 Um Mar de Oportunidades oferecer\u00e1 mais de 10 cursos de<\/p>\n","protected":false},"author":2,"featured_media":100710,"comment_status":"open","ping_status":"open","sticky":false,"template":"","format":"standard","meta":{"footnotes":""},"categories":[17],"tags":[],"class_list":["post-100709","post","type-post","status-publish","format-standard","has-post-thumbnail","hentry","category-outras-noticias"],"_links":{"self":[{"href":"https:\/\/tvc16.com\/portal\/wp-json\/wp\/v2\/posts\/100709","targetHints":{"allow":["GET"]}}],"collection":[{"href":"https:\/\/tvc16.com\/portal\/wp-json\/wp\/v2\/posts"}],"about":[{"href":"https:\/\/tvc16.com\/portal\/wp-json\/wp\/v2\/types\/post"}],"author":[{"embeddable":true,"href":"https:\/\/tvc16.com\/portal\/wp-json\/wp\/v2\/users\/2"}],"replies":[{"embeddable":true,"href":"https:\/\/tvc16.com\/portal\/wp-json\/wp\/v2\/comments?post=100709"}],"version-history":[{"count":1,"href":"https:\/\/tvc16.com\/portal\/wp-json\/wp\/v2\/posts\/100709\/revisions"}],"predecessor-version":[{"id":100711,"href":"https:\/\/tvc16.com\/portal\/wp-json\/wp\/v2\/posts\/100709\/revisions\/100711"}],"wp:featuredmedia":[{"embeddable":true,"href":"https:\/\/tvc16.com\/portal\/wp-json\/wp\/v2\/media\/100710"}],"wp:attachment":[{"href":"https:\/\/tvc16.com\/portal\/wp-json\/wp\/v2\/media?parent=100709"}],"wp:term":[{"taxonomy":"category","embeddable":true,"href":"https:\/\/tvc16.com\/portal\/wp-json\/wp\/v2\/categories?post=100709"},{"taxonomy":"post_tag","embeddable":true,"href":"https:\/\/tvc16.com\/portal\/wp-json\/wp\/v2\/tags?post=100709"}],"curies":[{"name":"wp","href":"https:\/\/api.w.org\/{rel}","templated":true}]}}