{"id":100712,"date":"2025-03-15T09:00:00","date_gmt":"2025-03-15T12:00:00","guid":{"rendered":"https:\/\/tvc16.com\/portal\/?p=100712"},"modified":"2025-03-14T18:04:02","modified_gmt":"2025-03-14T21:04:02","slug":"rio-de-janeiro-ganha-48-novas-ambulancias-do-samu-para-renovacao-da-frota-e-ampliacao-do-servico","status":"publish","type":"post","link":"https:\/\/tvc16.com\/portal\/2025\/03\/15\/rio-de-janeiro-ganha-48-novas-ambulancias-do-samu-para-renovacao-da-frota-e-ampliacao-do-servico\/","title":{"rendered":"Rio de Janeiro ganha 48 novas ambul\u00e2ncias do Samu para renova\u00e7\u00e3o da frota e amplia\u00e7\u00e3o do servi\u00e7o"},"content":{"rendered":"\n<p>Em todo o pa\u00eds, Governo Federal entrega nesta sexta (14) 789 novos ve\u00edculos para 559 cidades de 21 estados. At\u00e9 o fim de 2026, mais 2.339 ambul\u00e2ncias ser\u00e3o entregues<\/p>\n\n\n\n<p>Com o objetivo de renovar a frota e universalizar, at\u00e9 o fim de 2026, o acesso ao Servi\u00e7o de Atendimento M\u00f3vel de Urg\u00eancia (Samu 192), o Governo Federal entrega nesta sexta-feira, 14 de mar\u00e7o, mais 789 novos ve\u00edculos para 559 cidades de 21 estados. O investimento total \u00e9 de R$243,5 milh\u00f5es. No Rio de Janeiro, s\u00e3o 48 novas unidades, sendo 47 ambul\u00e2ncias para renova\u00e7\u00e3o de frota e 1 Unidade de Suporte Avan\u00e7ado (USA) para expans\u00e3o do Samu.<br>&nbsp;<\/p>\n\n\n\n<p>As ambul\u00e2ncias v\u00e3o contemplar 24 munic\u00edpios fluminenses, a partir de um investimento de R$14,05 milh\u00f5es. A capital, Rio de Janeiro, receber\u00e1 a maior quantidade de ve\u00edculos para renova\u00e7\u00e3o da frota, com 13 unidades. J\u00e1 a USA ser\u00e1 destinada a S\u00e3o Jo\u00e3o De Meriti. O investimento \u00e9 de R$469.898.<br>&nbsp;<\/p>\n\n\n\n<p>Desde o in\u00edcio da atual gest\u00e3o do Governo Federal, o estado j\u00e1 tinha recebido outras 14 ambul\u00e2ncias, entre 2023 (2) e 2024 (12). Com as 48 desta sexta-feira, o total chega a 62.<br><br>Confira todos os munic\u00edpios beneficiados:<br>&nbsp;<\/p>\n\n\n\n<p><strong>Entrega de ambul\u00e2ncias no Rio de Janeiro:<\/strong><br>&nbsp;<\/p>\n\n\n\n<p>Expans\u00e3o de frota \u2013 USA<\/p>\n\n\n\n<ul class=\"wp-block-list\">\n<li>S\u00e3o Jo\u00e3o de Meriti: 1<\/li>\n<\/ul>\n\n\n\n<p>Renova\u00e7\u00e3o de frota \u2013 Ambul\u00e2ncias<\/p>\n\n\n\n<ul class=\"wp-block-list\">\n<li>Barra Mansa: 2<\/li>\n\n\n\n<li>Duque de Caxias: 1<\/li>\n\n\n\n<li>Itagua\u00ed: 1<\/li>\n\n\n\n<li>Mag\u00e9: 1<\/li>\n\n\n\n<li>Miguel Pereira: 1<\/li>\n\n\n\n<li>Nil\u00f3polis: 2<\/li>\n\n\n\n<li>Niter\u00f3i: 1<\/li>\n\n\n\n<li>Nova Igua\u00e7u: 4<\/li>\n\n\n\n<li>Para\u00edba do Sul: 1<\/li>\n\n\n\n<li>Paraty: 1<\/li>\n\n\n\n<li>Paty do Alferes: 1<\/li>\n\n\n\n<li>Pinheiral: 1<\/li>\n\n\n\n<li>Pira\u00ed: 1<\/li>\n\n\n\n<li>Queimados: 1<\/li>\n\n\n\n<li>Resende: 1<\/li>\n\n\n\n<li>Rio das Flores: 1<\/li>\n\n\n\n<li>Rio de Janeiro: 13<\/li>\n\n\n\n<li>S\u00e3o Gon\u00e7alo: 3<\/li>\n\n\n\n<li>S\u00e3o Jo\u00e3o de Meriti: 2<\/li>\n\n\n\n<li>Sapucaia: 1<\/li>\n\n\n\n<li>Silva Jardim: 1<\/li>\n\n\n\n<li>Valen\u00e7a: 2<\/li>\n\n\n\n<li>Vassouras: 2<\/li>\n\n\n\n<li>Volta Redonda: 2<\/li>\n<\/ul>\n\n\n\n<figure class=\"wp-block-table\"><table class=\"has-fixed-layout\"><tbody><tr><td><img decoding=\"async\" alt=\"\" width=\"800\" src=\"https:\/\/ci3.googleusercontent.com\/meips\/ADKq_NZaGNGyiLdYPuCVZsmF1_KYL__H0A98hX0Y3LJ9R2f278MwJ87atcTlxl4c2MYIvaq1-iwU1EQmF_UrQEVJUIv1uV6aKWqoY7lSi02uweTRa4LL8Iu_4ZpJeEn6wj3nnNEMCsx9vfCQebUOCcbbT3ZVNPmIWA9uSIwXOBcnMlE6IyshNvGMX0WXVcHb5avpSlUK0Ywh6u2aiMiwGO_3PEtMqkLmIhYe2yUuZKp6ayPxrdyRIxU=s0-d-e1-ft#https:\/\/s2503.pr-agencia.com\/4==gNhpDNwkjM0ImOt92YuwWah12ZAFGauFWbhR2bpVmcy92YjZHd6EjM4YDM2EjN0MjOnBnauEDOygTM1MTOzMjRyUSOzMzb0VXYGJTJ2IDMx8VL1ETLf9VLwITLfpTM\"><strong>INFOGR\u00c1FICO | O Governo Federal renova e amplia a frota do Samu 192 a fim de universalizar o atendimento<\/strong><br>&nbsp;<\/td><\/tr><\/tbody><\/table><\/figure>\n\n\n\n<p><br><strong>UNIVERSALIZA\u00c7\u00c3O DA SA\u00daDE<\/strong>&nbsp;\u2013 O Novo PAC est\u00e1 possibilitando a universaliza\u00e7\u00e3o de servi\u00e7os essenciais na rede p\u00fablica de todo o pa\u00eds, como \u00e9 o caso do Samu 192. Em quatro anos da gest\u00e3o do presidente Luiz In\u00e1cio Lula da Silva, a cobertura vai passar de 87% para mais de 90% da popula\u00e7\u00e3o brasileira, ampliando o acesso a um servi\u00e7o que estava estagnado.<br>&nbsp;<\/p>\n\n\n\n<p>Nos dois primeiros anos da atual gest\u00e3o, foram entregues 1.100 unidades do Samu 192. Em 2025, ser\u00e3o mais 1.193 ambul\u00e2ncias. E, at\u00e9 o fim de 2026, outros 2.339 ve\u00edculos. Para se ter uma ideia da disparidade em rela\u00e7\u00e3o \u00e0 gest\u00e3o anterior, de 2019 a 2022, foram entregues apenas 366 unidades.<br>&nbsp;<\/p>\n\n\n\n<p><strong>INVESTIMENTO<\/strong>&nbsp;\u2013 Nesta sexta-feira, ser\u00e3o entregues 703 ambul\u00e2ncias para renova\u00e7\u00e3o de frota do Samu 192 pelo Novo PAC, para 501 cidades em 13 estados. Com valor unit\u00e1rio de R$289 mil, o investimento total \u00e9 de R$203,1 milh\u00f5es. J\u00e1 as 86 Unidades de Suporte Avan\u00e7ado ser\u00e3o doadas para 72 cidades de 17 estados. O investimento total \u00e9 de R$40,4 milh\u00f5es, sendo R$469,8 mil por USA.<br>&nbsp;<\/p>\n\n\n\n<p><strong>TIPOS DE AMBUL\u00c2NCIAS<\/strong>&nbsp;\u2013 As ambul\u00e2ncias do Samu s\u00e3o divididas em duas categorias: Unidade de Suporte B\u00e1sico (USB), composta minimamente por um condutor socorrista e um t\u00e9cnico ou auxiliar de enfermagem, e Unidade de Suporte Avan\u00e7ado (USA), formada por um condutor socorrista, enfermeiro e m\u00e9dico.<br>&nbsp;<\/p>\n\n\n\n<p>As USBs s\u00e3o preparadas para atender casos de menor complexidade e contam com equipamentos b\u00e1sicos de suporte \u00e0 vida, como itens para curativos, imobiliza\u00e7\u00e3o, acesso venoso e Desfibrilador Externo Autom\u00e1tico (DEA), para ocorr\u00eancias de parada cardiorrespirat\u00f3ria, por exemplo.<br>&nbsp;<\/p>\n\n\n\n<p>Em casos mais graves, com necessidade de interven\u00e7\u00e3o m\u00e9dica, as USAs s\u00e3o acionadas. Com semelhan\u00e7a aos equipamentos de uma Unidade de Terapia Intensiva (UTI) m\u00f3vel, as ambul\u00e2ncias t\u00eam desde equipamentos para cardiovers\u00e3o e desfibrila\u00e7\u00e3o, ventiladores mec\u00e2nicos e bombas de infus\u00e3o a medica\u00e7\u00f5es espec\u00edficas.<br>&nbsp;<\/p>\n\n\n\n<p><strong>SAMU 192<\/strong>&nbsp;\u2013 O Servi\u00e7o de Atendimento M\u00f3vel de Urg\u00eancia \u00e9 um dos componentes da Pol\u00edtica Nacional de Aten\u00e7\u00e3o \u00e0s Urg\u00eancias do Minist\u00e9rio da Sa\u00fade e faz parte da Rede Assistencial Pr\u00e9-Hospitalar M\u00f3vel de atendimento \u00e0s urg\u00eancias. O servi\u00e7o \u00e9 gratuito, acessado pelo n\u00famero 192, funciona 24 horas e 7 dias por semana, por meio da presta\u00e7\u00e3o de orienta\u00e7\u00f5es e do envio de ve\u00edculos tripulados por equipe capacitada, acionados por uma Central de Regula\u00e7\u00e3o das Urg\u00eancias. Por isso o Samu 192 tem papel fundamental na organiza\u00e7\u00e3o do atendimento na rede de Aten\u00e7\u00e3o \u00e0s Urg\u00eancias.<\/p>\n","protected":false},"excerpt":{"rendered":"<p>Em todo o pa\u00eds, Governo Federal entrega nesta sexta (14) 789 novos ve\u00edculos para 559<\/p>\n","protected":false},"author":2,"featured_media":100713,"comment_status":"open","ping_status":"open","sticky":false,"template":"","format":"standard","meta":{"footnotes":""},"categories":[17],"tags":[],"class_list":["post-100712","post","type-post","status-publish","format-standard","has-post-thumbnail","hentry","category-outras-noticias"],"_links":{"self":[{"href":"https:\/\/tvc16.com\/portal\/wp-json\/wp\/v2\/posts\/100712","targetHints":{"allow":["GET"]}}],"collection":[{"href":"https:\/\/tvc16.com\/portal\/wp-json\/wp\/v2\/posts"}],"about":[{"href":"https:\/\/tvc16.com\/portal\/wp-json\/wp\/v2\/types\/post"}],"author":[{"embeddable":true,"href":"https:\/\/tvc16.com\/portal\/wp-json\/wp\/v2\/users\/2"}],"replies":[{"embeddable":true,"href":"https:\/\/tvc16.com\/portal\/wp-json\/wp\/v2\/comments?post=100712"}],"version-history":[{"count":1,"href":"https:\/\/tvc16.com\/portal\/wp-json\/wp\/v2\/posts\/100712\/revisions"}],"predecessor-version":[{"id":100714,"href":"https:\/\/tvc16.com\/portal\/wp-json\/wp\/v2\/posts\/100712\/revisions\/100714"}],"wp:featuredmedia":[{"embeddable":true,"href":"https:\/\/tvc16.com\/portal\/wp-json\/wp\/v2\/media\/100713"}],"wp:attachment":[{"href":"https:\/\/tvc16.com\/portal\/wp-json\/wp\/v2\/media?parent=100712"}],"wp:term":[{"taxonomy":"category","embeddable":true,"href":"https:\/\/tvc16.com\/portal\/wp-json\/wp\/v2\/categories?post=100712"},{"taxonomy":"post_tag","embeddable":true,"href":"https:\/\/tvc16.com\/portal\/wp-json\/wp\/v2\/tags?post=100712"}],"curies":[{"name":"wp","href":"https:\/\/api.w.org\/{rel}","templated":true}]}}