{"id":100715,"date":"2025-03-15T11:00:00","date_gmt":"2025-03-15T14:00:00","guid":{"rendered":"https:\/\/tvc16.com\/portal\/?p=100715"},"modified":"2025-03-14T18:11:51","modified_gmt":"2025-03-14T21:11:51","slug":"autoridades-visitam-quilombo-boa-esperanca-em-areal-e-reforcam-apoio-a-projetos-locais","status":"publish","type":"post","link":"https:\/\/tvc16.com\/portal\/2025\/03\/15\/autoridades-visitam-quilombo-boa-esperanca-em-areal-e-reforcam-apoio-a-projetos-locais\/","title":{"rendered":"Autoridades visitam Quilombo Boa Esperan\u00e7a em Areal e Refor\u00e7am apoio a projetos locais"},"content":{"rendered":"\n<p>Na manh\u00e3 desta sexta-feira, 14, o Espa\u00e7o Cultural Manoel Miquilina da Costa Barboza, localizado na Comunidade Quilombola de Boa Esperan\u00e7a, em Areal (RJ), foi palco de uma importante visita institucional. O encontro reuniu diversas autoridades para debater futuros projetos para o munic\u00edpio e conhecer de perto iniciativas culturais e educacionais desenvolvidas na comunidade.<\/p>\n\n\n\n<p>O evento contou com a presen\u00e7a do prefeito Gutinho, do deputado federal Henrique Vieira, do deputado estadual Yuri Moura, dos vereadores Danilo Gouveia, \u00c1lvaro Freitas (presidente da C\u00e2mara), Samuel Sanseverino e Walter Luis, al\u00e9m dos secret\u00e1rios municipais de Cultura, Marcelo Pipa; Agricultura, Vin\u00edcius Senra; e Educa\u00e7\u00e3o, Beto Cal\u00e7ados.<\/p>\n\n\n\n<p>A visita proporcionou aos participantes uma imers\u00e3o na cultura quilombola, com apresenta\u00e7\u00f5es de capoeira, exposi\u00e7\u00e3o do mini-museu da comunidade e um olhar detalhado sobre o Projeto Representatividade Negra. Desenvolvido pela Secretaria Municipal de Educa\u00e7\u00e3o em parceria com a Prefeitura, o projeto visa o empoderamento das crian\u00e7as quilombolas e a valoriza\u00e7\u00e3o da identidade negra. Desde seu in\u00edcio, em fevereiro de 2023, na Escola Don\u00e1ria Maria Barbosa, sob a dire\u00e7\u00e3o de Vandr\u00e9a Aparecida Paulinho Neves, a iniciativa cresceu significativamente. Em 2024, chegou \u00e0 Escola Joaquim Vital Vieira e, em 2025, foi implementada em nove escolas municipais.<\/p>\n\n\n\n<p>Uma pesquisa inicial apontou que mais de 80% das crian\u00e7as quilombolas n\u00e3o se reconheciam como negras. No entanto, apenas tr\u00eas meses ap\u00f3s o in\u00edcio do projeto, todas as crian\u00e7as participantes passaram a se reconhecer como negras, promovendo uma transforma\u00e7\u00e3o significativa tamb\u00e9m no ambiente escolar. Esse impacto inspirador foi registrado no<\/p>\n\n\n\n<p>document\u00e1rio &#8220;A Representatividade&#8221;, lan\u00e7ado em 2024.<\/p>\n\n\n\n<p>O corpo docente da Escola Don\u00e1ria Maria Barbosa, essencial na execu\u00e7\u00e3o do projeto, tamb\u00e9m esteve presente, reafirmando seu compromisso com o fortalecimento da identidade cultural dos alunos. Ao final da visita, os deputados foram presenteados com uma cesta contendo produtos quilombolas produzidos na comunidade, simbolizando o fortalecimento do empreendedorismo local e a valoriza\u00e7\u00e3o das tradi\u00e7\u00f5es regionais.<\/p>\n\n\n\n<p>A visita refor\u00e7ou o compromisso das autoridades com o desenvolvimento social e cultural de Areal, promovendo a inclus\u00e3o, a diversidade e o reconhecimento das ra\u00edzes hist\u00f3ricas da comunidade quilombola. Com trabalho conjunto e dedica\u00e7\u00e3o, o munic\u00edpio avan\u00e7a na constru\u00e7\u00e3o de um futuro mais justo e representativo.<\/p>\n","protected":false},"excerpt":{"rendered":"<p>Na manh\u00e3 desta sexta-feira, 14, o Espa\u00e7o Cultural Manoel Miquilina da Costa Barboza, localizado na<\/p>\n","protected":false},"author":2,"featured_media":100716,"comment_status":"open","ping_status":"open","sticky":false,"template":"","format":"standard","meta":{"footnotes":""},"categories":[17],"tags":[],"class_list":["post-100715","post","type-post","status-publish","format-standard","has-post-thumbnail","hentry","category-outras-noticias"],"_links":{"self":[{"href":"https:\/\/tvc16.com\/portal\/wp-json\/wp\/v2\/posts\/100715","targetHints":{"allow":["GET"]}}],"collection":[{"href":"https:\/\/tvc16.com\/portal\/wp-json\/wp\/v2\/posts"}],"about":[{"href":"https:\/\/tvc16.com\/portal\/wp-json\/wp\/v2\/types\/post"}],"author":[{"embeddable":true,"href":"https:\/\/tvc16.com\/portal\/wp-json\/wp\/v2\/users\/2"}],"replies":[{"embeddable":true,"href":"https:\/\/tvc16.com\/portal\/wp-json\/wp\/v2\/comments?post=100715"}],"version-history":[{"count":1,"href":"https:\/\/tvc16.com\/portal\/wp-json\/wp\/v2\/posts\/100715\/revisions"}],"predecessor-version":[{"id":100717,"href":"https:\/\/tvc16.com\/portal\/wp-json\/wp\/v2\/posts\/100715\/revisions\/100717"}],"wp:featuredmedia":[{"embeddable":true,"href":"https:\/\/tvc16.com\/portal\/wp-json\/wp\/v2\/media\/100716"}],"wp:attachment":[{"href":"https:\/\/tvc16.com\/portal\/wp-json\/wp\/v2\/media?parent=100715"}],"wp:term":[{"taxonomy":"category","embeddable":true,"href":"https:\/\/tvc16.com\/portal\/wp-json\/wp\/v2\/categories?post=100715"},{"taxonomy":"post_tag","embeddable":true,"href":"https:\/\/tvc16.com\/portal\/wp-json\/wp\/v2\/tags?post=100715"}],"curies":[{"name":"wp","href":"https:\/\/api.w.org\/{rel}","templated":true}]}}