{"id":100722,"date":"2025-03-15T15:00:00","date_gmt":"2025-03-15T18:00:00","guid":{"rendered":"https:\/\/tvc16.com\/portal\/?p=100722"},"modified":"2025-03-15T12:25:56","modified_gmt":"2025-03-15T15:25:56","slug":"justica-do-rio-condena-duas-pessoas-pela-morte-do-congoles-moise","status":"publish","type":"post","link":"https:\/\/tvc16.com\/portal\/2025\/03\/15\/justica-do-rio-condena-duas-pessoas-pela-morte-do-congoles-moise\/","title":{"rendered":"Justi\u00e7a do Rio condena duas pessoas pela morte do congol\u00eas Mo\u00efse"},"content":{"rendered":"\n<p>V\u00edtima foi agredida a socos, pauladas e chutes ap\u00f3s discuss\u00e3o<\/p>\n\n\n\n<p>O 1\u00ba Tribunal do J\u00fari da Capital condenou na noite desta sexta-feira (14) dois homens pela\u00a0morte do congol\u00eas Mo\u00efse Mugenvi Kabagambe,\u00a0em de janeiro de 2022. Aleson Cristiano de Oliveira Fonseca recebeu a pena de 23 anos, sete meses e 10 dias, enquanto F\u00e1bio Pirineus da Silva foi condenado a 19 anos, seis meses e 20 dias.<img decoding=\"async\" src=\"https:\/\/agenciabrasil.ebc.com.br\/ebc.png?id=1634736&amp;o=node\"><img decoding=\"async\" src=\"https:\/\/agenciabrasil.ebc.com.br\/ebc.gif?id=1634736&amp;o=node\"><\/p>\n\n\n\n<p>Ambos ter\u00e3o que cumprir a pena em regime fechado, de acordo com o Conselho de Senten\u00e7a do J\u00fari. Os dois foram condenados por homic\u00eddio triplamente qualificado, por motivo f\u00fatil, meio cruel e impossibilidade de defesa da v\u00edtima.<\/p>\n\n\n\n<p>Segundo o Tribunal de Justi\u00e7a do Rio,\u00a0Mo\u00efse foi agredido a socos, pauladas e chutes\u00a0por F\u00e1bio e Aleson, depois de uma discuss\u00e3o no quiosque onde o congol\u00eas prestava servi\u00e7os, na orla da Barra da Tijuca, no dia 24 de janeiro de 2022.<\/p>\n\n\n\n<p>A v\u00edtima foi derrubada e imobilizada por outro acusado, Brendon Alexander Luz da Silva, enquanto era agredida pelos dois r\u00e9us condenados nesta sexta-feira. Al\u00e9m disso, Mo\u00efse teve os p\u00e9s e m\u00e3os amarrados por fios. O crime foi registrado por uma c\u00e2mera de seguran\u00e7a do quiosque.<\/p>\n\n\n\n<p>Brendon ainda n\u00e3o foi julgado porque recorre da senten\u00e7a de pron\u00fancia e seu nome foi desmembrado do processo origin\u00e1rio. O pedido est\u00e1 em tramita\u00e7\u00e3o no Superior Tribunal de Justi\u00e7a (STJ).<\/p>\n\n\n\n<p>O j\u00fari que julgou Aleson e F\u00e1bio come\u00e7ou na tarde de quinta-feira (13). Foram ouvidas seis testemunhas al\u00e9m dos dois r\u00e9us. O julgamento foi interrompido na noite daquele dia e retomado na manh\u00e3 de sexta, para os debates entre acusa\u00e7\u00e3o e defesa. A senten\u00e7a foi lida pelo juiz Thiago Portes pouco antes da meia-noite.<\/p>\n\n\n\n<p>A defesa do r\u00e9u informou que vai recorrer da senten\u00e7a\u00a0e o Minist\u00e9rio P\u00fablico pretende fazer um recurso contra a dosimetria da pena, ou seja, o tempo de pena.<\/p>\n\n\n\n<p>Por Vitor Abdala &#8211; Rep\u00f3rter da Ag\u00eancia Brasil<\/p>\n\n\n\n<p>Foto Tomaz Silva\/Ag\u00eancia Brasil<\/p>\n","protected":false},"excerpt":{"rendered":"<p>V\u00edtima foi agredida a socos, pauladas e chutes ap\u00f3s discuss\u00e3o O 1\u00ba Tribunal do J\u00fari<\/p>\n","protected":false},"author":2,"featured_media":100723,"comment_status":"open","ping_status":"open","sticky":false,"template":"","format":"standard","meta":{"footnotes":""},"categories":[17],"tags":[],"class_list":["post-100722","post","type-post","status-publish","format-standard","has-post-thumbnail","hentry","category-outras-noticias"],"_links":{"self":[{"href":"https:\/\/tvc16.com\/portal\/wp-json\/wp\/v2\/posts\/100722","targetHints":{"allow":["GET"]}}],"collection":[{"href":"https:\/\/tvc16.com\/portal\/wp-json\/wp\/v2\/posts"}],"about":[{"href":"https:\/\/tvc16.com\/portal\/wp-json\/wp\/v2\/types\/post"}],"author":[{"embeddable":true,"href":"https:\/\/tvc16.com\/portal\/wp-json\/wp\/v2\/users\/2"}],"replies":[{"embeddable":true,"href":"https:\/\/tvc16.com\/portal\/wp-json\/wp\/v2\/comments?post=100722"}],"version-history":[{"count":1,"href":"https:\/\/tvc16.com\/portal\/wp-json\/wp\/v2\/posts\/100722\/revisions"}],"predecessor-version":[{"id":100724,"href":"https:\/\/tvc16.com\/portal\/wp-json\/wp\/v2\/posts\/100722\/revisions\/100724"}],"wp:featuredmedia":[{"embeddable":true,"href":"https:\/\/tvc16.com\/portal\/wp-json\/wp\/v2\/media\/100723"}],"wp:attachment":[{"href":"https:\/\/tvc16.com\/portal\/wp-json\/wp\/v2\/media?parent=100722"}],"wp:term":[{"taxonomy":"category","embeddable":true,"href":"https:\/\/tvc16.com\/portal\/wp-json\/wp\/v2\/categories?post=100722"},{"taxonomy":"post_tag","embeddable":true,"href":"https:\/\/tvc16.com\/portal\/wp-json\/wp\/v2\/tags?post=100722"}],"curies":[{"name":"wp","href":"https:\/\/api.w.org\/{rel}","templated":true}]}}