{"id":100726,"date":"2025-03-15T17:00:00","date_gmt":"2025-03-15T20:00:00","guid":{"rendered":"https:\/\/tvc16.com\/portal\/?p=100726"},"modified":"2025-03-15T12:47:03","modified_gmt":"2025-03-15T15:47:03","slug":"policia-federal-prende-mulher-com-cerca-de-7kg-de-cocaina-no-aeroporto-do-galeao","status":"publish","type":"post","link":"https:\/\/tvc16.com\/portal\/2025\/03\/15\/policia-federal-prende-mulher-com-cerca-de-7kg-de-cocaina-no-aeroporto-do-galeao\/","title":{"rendered":"Pol\u00edcia Federal prende mulher com cerca de 7kg de coca\u00edna, no Aeroporto do Gale\u00e3o"},"content":{"rendered":"\n<p>A presa, que pretendia embarcar em um voo com destino em Paris, afirmou estar gr\u00e1vida h\u00e1 cerca de sete meses.<\/p>\n\n\n\n<p>Na noite desta sexta-feira, 14, a Pol\u00edcia Federal prendeu em flagrante uma mulher transportando cerca de 7 kg de coca\u00edna, no Aeroporto Internacional do Rio de Janeiro. A presa, de 27 anos e natural de S\u00e3o Jos\u00e9 das Palmeiras\/PR, pretendia embarcar em um voo comercial com destino final em Paris, capital da Fran\u00e7a. Ela afirmou estar gr\u00e1vida h\u00e1 cerca de sete meses.<\/p>\n\n\n\n<p>Durante fiscaliza\u00e7\u00f5es de rotina, policiais federais lotados na Delegacia Especial da PF no Aeroporto Internacional do Rio de Janeiro (DEAIN) efetuaram a pris\u00e3o em flagrante ao identificar a droga oculta em fundos falsos das duas malas despachadas pela passageira.<\/p>\n\n\n\n<p>Ap\u00f3s a lavratura do auto de pris\u00e3o em flagrante, a presa ser\u00e1 encaminhada ao sistema prisional do estado, onde permanecer\u00e1 \u00e0 disposi\u00e7\u00e3o da Justi\u00e7a. Ela responder\u00e1 pelo crime de tr\u00e1fico internacional de drogas, cuja pena pode chegar at\u00e9 25 anos de reclus\u00e3o.<\/p>\n","protected":false},"excerpt":{"rendered":"<p>A presa, que pretendia embarcar em um voo com destino em Paris, afirmou estar gr\u00e1vida<\/p>\n","protected":false},"author":2,"featured_media":100727,"comment_status":"open","ping_status":"open","sticky":false,"template":"","format":"standard","meta":{"footnotes":""},"categories":[17],"tags":[],"class_list":["post-100726","post","type-post","status-publish","format-standard","has-post-thumbnail","hentry","category-outras-noticias"],"_links":{"self":[{"href":"https:\/\/tvc16.com\/portal\/wp-json\/wp\/v2\/posts\/100726","targetHints":{"allow":["GET"]}}],"collection":[{"href":"https:\/\/tvc16.com\/portal\/wp-json\/wp\/v2\/posts"}],"about":[{"href":"https:\/\/tvc16.com\/portal\/wp-json\/wp\/v2\/types\/post"}],"author":[{"embeddable":true,"href":"https:\/\/tvc16.com\/portal\/wp-json\/wp\/v2\/users\/2"}],"replies":[{"embeddable":true,"href":"https:\/\/tvc16.com\/portal\/wp-json\/wp\/v2\/comments?post=100726"}],"version-history":[{"count":1,"href":"https:\/\/tvc16.com\/portal\/wp-json\/wp\/v2\/posts\/100726\/revisions"}],"predecessor-version":[{"id":100728,"href":"https:\/\/tvc16.com\/portal\/wp-json\/wp\/v2\/posts\/100726\/revisions\/100728"}],"wp:featuredmedia":[{"embeddable":true,"href":"https:\/\/tvc16.com\/portal\/wp-json\/wp\/v2\/media\/100727"}],"wp:attachment":[{"href":"https:\/\/tvc16.com\/portal\/wp-json\/wp\/v2\/media?parent=100726"}],"wp:term":[{"taxonomy":"category","embeddable":true,"href":"https:\/\/tvc16.com\/portal\/wp-json\/wp\/v2\/categories?post=100726"},{"taxonomy":"post_tag","embeddable":true,"href":"https:\/\/tvc16.com\/portal\/wp-json\/wp\/v2\/tags?post=100726"}],"curies":[{"name":"wp","href":"https:\/\/api.w.org\/{rel}","templated":true}]}}