{"id":100729,"date":"2025-03-15T12:51:48","date_gmt":"2025-03-15T15:51:48","guid":{"rendered":"https:\/\/tvc16.com\/portal\/?p=100729"},"modified":"2025-03-15T12:52:49","modified_gmt":"2025-03-15T15:52:49","slug":"prefeitura-abre-as-comemoracoes-pelos-182-anos-de-fundacao-de-petropolis","status":"publish","type":"post","link":"https:\/\/tvc16.com\/portal\/2025\/03\/15\/prefeitura-abre-as-comemoracoes-pelos-182-anos-de-fundacao-de-petropolis\/","title":{"rendered":"Prefeitura abre as comemora\u00e7\u00f5es pelos 182 anos de funda\u00e7\u00e3o de Petr\u00f3polis"},"content":{"rendered":"\n<p>As comemora\u00e7\u00f5es pelos 182 anos de funda\u00e7\u00e3o de Petr\u00f3polis come\u00e7aram nesta sexta-feira (14). A solenidade de abertura aconteceu no Pal\u00e1cio de Cristal, no Centro, que at\u00e9 domingo (16 de Mar\u00e7o \u2013 dia do anivers\u00e1rio da cidade) vai receber apresenta\u00e7\u00f5es de grupos folcl\u00f3ricos alem\u00e3es e comidas t\u00edpicas.<\/p>\n\n\n\n<p>A solenidade contou tamb\u00e9m com a apresenta\u00e7\u00e3o da banda do 32\u2070 Batalh\u00e3o de Infantaria Leve de Montanha &#8211; Dom Pedro II. \u201cFeliz de ver toda hist\u00f3ria e momento de reflex\u00e3o de tudo que j\u00e1 vivemos e nos planejamos para realizar. Nosso objetivo \u00e9 colocar a cidade num lugar melhor e com muita uni\u00e3o\u201d, disse o prefeito Hingo Hammes.<\/p>\n\n\n\n<p>O deputado estadual S\u00e9rgio Fernandes tamb\u00e9m participou da solenidade e falou sobre o novo momento de Petr\u00f3polis. \u201cQue nossa querida cidade tenha de volta o protagonismo do Estado do Rio. Conhecendo o nosso passado e pensando e refletindo o que a gente quer para o futuro\u201d, ressaltou o deputado.<\/p>\n\n\n\n<p>No domingo, anivers\u00e1rio de Petr\u00f3polis, a programa\u00e7\u00e3o oficial come\u00e7a \u00e0s 9h30 com missa na Catedral S\u00e3o Pedro de Alc\u00e2ntara, em seguida tem as homenagens nos bustos do Major Julio Frederico Koeler e do Imperador Dom Pedro II, e parab\u00e9ns na Pra\u00e7a Dom Pedro, no Centro. E a partir das 15h tem a elei\u00e7\u00e3o da realeza da Bauernfest 2025.<\/p>\n\n\n\n<p>\u201c\u00c9 o In\u00edcio das nossas comemora\u00e7\u00f5es por uma data t\u00e3o importante da nossa querida Petr\u00f3polis, nossa Cidade Imperial\u201d, comentou o secret\u00e1rio de Turismo, Pablo Kling. \u201cHoje \u00e9 um dia feliz de estar festejando as nossas tradi\u00e7\u00f5es\u201d, frisou o secret\u00e1rio de Cultura, Adenilson Honorato. Tamb\u00e9m participaram da solenidade o vice-prefeito Albano Filho Baninho, o comandante do 32\u2070 Batalh\u00e3o de Infantaria Leve de Montanha, tenente-coronel Diogo Oliveira Genial e os vereadores Gil Magno e Tiago Guel e os secret\u00e1rios municipais.<\/p>\n\n\n\n<p>Os festejos tamb\u00e9m incluem as comemora\u00e7\u00f5es pelos 180 anos de imigra\u00e7\u00e3o alem\u00e3 em Petr\u00f3polis. Toda a programa\u00e7\u00e3o \u00e9 gratuita e est\u00e1 dispon\u00edvel na rede social da Prefeitura (@petropolis_pmp).<\/p>\n\n\n\n<p>Confira a programa\u00e7\u00e3o dos 182 anos de Petr\u00f3polis:<\/p>\n\n\n\n<p>S\u00e1bado &#8211; 15\/03 \u2013 Pal\u00e1cio de Cristal<br>11h \u00e0s 12h &#8211; Bergstadt (infantil)<br>13h \u00e0s 14h &#8211; Bergstadt (infantil)<br>14h \u00e0s 15h &#8211; Petr\u00f3polis (infantil)<br>15h \u00e0s 17h &#8211; Rheinland (adulto)<br>18h \u00e0s 21h &#8211; Bauerngruppe (juvenil e adulto)<\/p>\n\n\n\n<p>Domingo &#8211; 16\/03 Anivers\u00e1rio da Cidade<br>9h30 \u2013 Missa na Catedral S\u00e3o de Pedro de Alc\u00e2ntara<br>10h30 \u2013 Homenagem ao Major Julio Frederico Koeler na Pra\u00e7a Princesa Isabel<br>11h \u2013 Homenagem ao Imperador Dom Pedro II e corte do bolo na Pra\u00e7a Dom Pedro<\/p>\n\n\n\n<p>Pal\u00e1cio de Cristal<br>11h \u00e0s 13h &#8211; Kaiserstadt (todas as categorias)<br>13h \u00e0s 15h &#8211; Bergstadt (adulto)<br>14h40 &#8211; Interven\u00e7\u00e3o musical com a banda Spiel Und Charm<br>15h &#8211; Elei\u00e7\u00e3o da realeza da Bauernfest 2025<br>18h &#8211; Bail\u00e3o da realeza 2025<\/p>\n","protected":false},"excerpt":{"rendered":"<p>As comemora\u00e7\u00f5es pelos 182 anos de funda\u00e7\u00e3o de Petr\u00f3polis come\u00e7aram nesta sexta-feira (14). A solenidade<\/p>\n","protected":false},"author":2,"featured_media":100730,"comment_status":"open","ping_status":"open","sticky":false,"template":"","format":"standard","meta":{"footnotes":""},"categories":[12,1],"tags":[],"class_list":["post-100729","post","type-post","status-publish","format-standard","has-post-thumbnail","hentry","category-cidade","category-uncategorized"],"_links":{"self":[{"href":"https:\/\/tvc16.com\/portal\/wp-json\/wp\/v2\/posts\/100729","targetHints":{"allow":["GET"]}}],"collection":[{"href":"https:\/\/tvc16.com\/portal\/wp-json\/wp\/v2\/posts"}],"about":[{"href":"https:\/\/tvc16.com\/portal\/wp-json\/wp\/v2\/types\/post"}],"author":[{"embeddable":true,"href":"https:\/\/tvc16.com\/portal\/wp-json\/wp\/v2\/users\/2"}],"replies":[{"embeddable":true,"href":"https:\/\/tvc16.com\/portal\/wp-json\/wp\/v2\/comments?post=100729"}],"version-history":[{"count":1,"href":"https:\/\/tvc16.com\/portal\/wp-json\/wp\/v2\/posts\/100729\/revisions"}],"predecessor-version":[{"id":100731,"href":"https:\/\/tvc16.com\/portal\/wp-json\/wp\/v2\/posts\/100729\/revisions\/100731"}],"wp:featuredmedia":[{"embeddable":true,"href":"https:\/\/tvc16.com\/portal\/wp-json\/wp\/v2\/media\/100730"}],"wp:attachment":[{"href":"https:\/\/tvc16.com\/portal\/wp-json\/wp\/v2\/media?parent=100729"}],"wp:term":[{"taxonomy":"category","embeddable":true,"href":"https:\/\/tvc16.com\/portal\/wp-json\/wp\/v2\/categories?post=100729"},{"taxonomy":"post_tag","embeddable":true,"href":"https:\/\/tvc16.com\/portal\/wp-json\/wp\/v2\/tags?post=100729"}],"curies":[{"name":"wp","href":"https:\/\/api.w.org\/{rel}","templated":true}]}}