{"id":100732,"date":"2025-03-15T19:00:00","date_gmt":"2025-03-15T22:00:00","guid":{"rendered":"https:\/\/tvc16.com\/portal\/?p=100732"},"modified":"2025-03-15T12:58:21","modified_gmt":"2025-03-15T15:58:21","slug":"ses-rj-alerta-municipios-do-rj-apos-confirmacao-de-dois-casos-de-sarampo","status":"publish","type":"post","link":"https:\/\/tvc16.com\/portal\/2025\/03\/15\/ses-rj-alerta-municipios-do-rj-apos-confirmacao-de-dois-casos-de-sarampo\/","title":{"rendered":"SES-RJ alerta munic\u00edpios do RJ ap\u00f3s confirma\u00e7\u00e3o de dois casos de sarampo"},"content":{"rendered":"\n<p>Casos foram confirmados nesta sexta-feira (14) pelo Lacen-RJ<\/p>\n\n\n\n<p>A Secretaria de Estado de Sa\u00fade do Rio de Janeiro (SES-RJ) informa que recebeu no fim da tarde desta sexta-feira (14\/03) a confirma\u00e7\u00e3o de dois casos de sarampo no munic\u00edpio de S\u00e3o Jo\u00e3o de Meriti. As amostras foram analisadas pelo Laborat\u00f3rio Central de Sa\u00fade P\u00fablica Noel Nutels (Lacen-RJ) e pela Fiocruz. Os casos s\u00e3o de duas crian\u00e7as da mesma fam\u00edlia, &nbsp;atendidas em 2 de mar\u00e7o numa unidade de pronto atendimento do munic\u00edpio e transferidas para um hospital da rede federal no Rio de Janeiro. As duas tiveram alta m\u00e9dica na quinta-feira (13) e passam bem.<\/p>\n\n\n\n<p>Ap\u00f3s a notifica\u00e7\u00e3o do caso suspeito pelo munic\u00edpio, as equipes de Vigil\u00e2ncia Epidemiol\u00f3gica, Aten\u00e7\u00e3o Prim\u00e1ria e de Imuniza\u00e7\u00e3o da SES-RJ cumpriram protocolo de visita t\u00e9cnica preconizado pelo Minist\u00e9rio da Sa\u00fade para orientar os t\u00e9cnicos da vigil\u00e2ncia epidemiol\u00f3gica municipal.&nbsp; Um alerta com nota t\u00e9cnica tamb\u00e9m foi enviado \u00e0s coordenadorias de vigil\u00e2ncia dos 92 munic\u00edpios do estado.&nbsp;<\/p>\n\n\n\n<p>A vigil\u00e2ncia segue acompanhando as a\u00e7\u00f5es adotadas pelo munic\u00edpio, entre elas: vacina\u00e7\u00e3o dos profissionais de sa\u00fade da unidade em que os casos foram detectados e busca ativa por casos suspeitos na regi\u00e3o.&nbsp;<\/p>\n\n\n\n<p>&#8220;A partir da notifica\u00e7\u00e3o dos casos suspeitos, orientamos o munic\u00edpio a realizar levantamento de todos os pacientes que foram atendidos no per\u00edodo em que as crian\u00e7as permaneceram na unidade municipal para constata\u00e7\u00e3o de eventuais quadros semelhantes e monitoramento por parte das equipes de sa\u00fade, bem como a verifica\u00e7\u00e3o do esquema vacinal dos familiares das pacientes\u201d, destacou M\u00e1rio Sergio Ribeiro, subsecret\u00e1rio estadual de Vigil\u00e2ncia e Aten\u00e7\u00e3o Prim\u00e1ria \u00e0 Sa\u00fade. Segundo o subsecret\u00e1rio, at\u00e9 o momento n\u00e3o h\u00e1 registro de outros casos suspeitos relacionados a esse evento.<\/p>\n\n\n\n<p><strong>Em fevereiro SES-RJ confirmou caso isolado em Itabora\u00ed<\/strong><\/p>\n\n\n\n<p>Em 27 de fevereiro, a SES-RJ j\u00e1 havia confirmado um caso isolado de sarampo, em Itabora\u00ed, na regi\u00e3o metropolitana do Rio. O caso, notificado como suspeito em outubro de 2024, era de uma crian\u00e7a de seis anos. &nbsp;A origem da infec\u00e7\u00e3o n\u00e3o p\u00f4de ser identificada. A crian\u00e7a tamb\u00e9m passa bem. O caso de Itabora\u00ed e os de S\u00e3o Jo\u00e3o de Meriti n\u00e3o t\u00eam rela\u00e7\u00e3o entre si, de acordo com os t\u00e9cnicos da vigil\u00e2ncia estadual.&nbsp;<\/p>\n\n\n\n<p>Em 2024, o estado do Rio de Janeiro notificou 207 casos suspeitos de sarampo, dos quais 205 foram descartados, um foi confirmado e um permanece em investiga\u00e7\u00e3o.&nbsp;<\/p>\n\n\n\n<p>Em 2025, at\u00e9 o momento, foram notificados 30 casos, dois deles foram confirmados, dez foram descartados e 18 seguem em investiga\u00e7\u00e3o laboratorial.&nbsp;<\/p>\n\n\n\n<p><strong>SES-RJ refor\u00e7a import\u00e2ncia da vacina\u00e7\u00e3o e pede aos munic\u00edpios que notifiquem casos suspeitos imediatamente<\/strong><\/p>\n\n\n\n<p>Na sexta-feira (14\/03), durante reuni\u00e3o de instala\u00e7\u00e3o da Sala de Situa\u00e7\u00e3o Contra o Sarampo, a Secretaria de Estado de Sa\u00fade refor\u00e7ou a import\u00e2ncia da vacina\u00e7\u00e3o e da notifica\u00e7\u00e3o imediata de casos suspeitos por parte dos munic\u00edpios.&nbsp;<\/p>\n\n\n\n<p>\u201cAs unidades de sa\u00fade devem seguir as diretrizes de vigil\u00e2ncia epidemiol\u00f3gica, incluindo a realiza\u00e7\u00e3o da vacina\u00e7\u00e3o de bloqueio e a investiga\u00e7\u00e3o \u00e1gil dos casos notificados\u201d, reitera M\u00e1rio Ribeiro.<\/p>\n\n\n\n<p>A popula\u00e7\u00e3o tamb\u00e9m pode contribuir mantendo a caderneta de vacina\u00e7\u00e3o dos filhos em dia e procurando uma unidade de sa\u00fade em caso de sintomas compat\u00edveis com sarampo como, febre alta, tosse, coriza, conjuntivite e manchas avermelhadas pelo corpo. Vale lembrar, que o calend\u00e1rio vacinal \u00e9 obrigat\u00f3rio e previne contra uma s\u00e9rie de doen\u00e7as.&nbsp;<\/p>\n\n\n\n<p><strong>Quem pode ser vacinado?<\/strong><\/p>\n\n\n\n<p>O esquema vacinal recomendado pelo Minist\u00e9rio da Sa\u00fade prev\u00ea duas doses: a primeira aos 12 meses de idade, com a vacina Tr\u00edplice Viral (sarampo, caxumba e rub\u00e9ola), e a segunda aos 15 meses, com a Tetra Viral (que inclui varicela).<\/p>\n\n\n\n<p>Pessoas de 1 a 29 anos devem ter duas doses da Tr\u00edplice Viral, enquanto adultos de 30 a 59 anos devem ter pelo menos uma dose. Profissionais de sa\u00fade precisam comprovar duas doses independentemente da idade. Em situa\u00e7\u00f5es de surto, crian\u00e7as de 6 a 11 meses podem receber uma dose extra, chamada \u2018dose zero\u2019.<\/p>\n","protected":false},"excerpt":{"rendered":"<p>Casos foram confirmados nesta sexta-feira (14) pelo Lacen-RJ A Secretaria de Estado de Sa\u00fade do<\/p>\n","protected":false},"author":2,"featured_media":100733,"comment_status":"open","ping_status":"open","sticky":false,"template":"","format":"standard","meta":{"footnotes":""},"categories":[17],"tags":[],"class_list":["post-100732","post","type-post","status-publish","format-standard","has-post-thumbnail","hentry","category-outras-noticias"],"_links":{"self":[{"href":"https:\/\/tvc16.com\/portal\/wp-json\/wp\/v2\/posts\/100732","targetHints":{"allow":["GET"]}}],"collection":[{"href":"https:\/\/tvc16.com\/portal\/wp-json\/wp\/v2\/posts"}],"about":[{"href":"https:\/\/tvc16.com\/portal\/wp-json\/wp\/v2\/types\/post"}],"author":[{"embeddable":true,"href":"https:\/\/tvc16.com\/portal\/wp-json\/wp\/v2\/users\/2"}],"replies":[{"embeddable":true,"href":"https:\/\/tvc16.com\/portal\/wp-json\/wp\/v2\/comments?post=100732"}],"version-history":[{"count":1,"href":"https:\/\/tvc16.com\/portal\/wp-json\/wp\/v2\/posts\/100732\/revisions"}],"predecessor-version":[{"id":100734,"href":"https:\/\/tvc16.com\/portal\/wp-json\/wp\/v2\/posts\/100732\/revisions\/100734"}],"wp:featuredmedia":[{"embeddable":true,"href":"https:\/\/tvc16.com\/portal\/wp-json\/wp\/v2\/media\/100733"}],"wp:attachment":[{"href":"https:\/\/tvc16.com\/portal\/wp-json\/wp\/v2\/media?parent=100732"}],"wp:term":[{"taxonomy":"category","embeddable":true,"href":"https:\/\/tvc16.com\/portal\/wp-json\/wp\/v2\/categories?post=100732"},{"taxonomy":"post_tag","embeddable":true,"href":"https:\/\/tvc16.com\/portal\/wp-json\/wp\/v2\/tags?post=100732"}],"curies":[{"name":"wp","href":"https:\/\/api.w.org\/{rel}","templated":true}]}}