{"id":100735,"date":"2025-03-15T13:03:46","date_gmt":"2025-03-15T16:03:46","guid":{"rendered":"https:\/\/tvc16.com\/portal\/?p=100735"},"modified":"2025-03-15T13:03:47","modified_gmt":"2025-03-15T16:03:47","slug":"operacao-praca-do-bem-tem-oito-motos-apreendidas-e-um-homem-preso","status":"publish","type":"post","link":"https:\/\/tvc16.com\/portal\/2025\/03\/15\/operacao-praca-do-bem-tem-oito-motos-apreendidas-e-um-homem-preso\/","title":{"rendered":"Opera\u00e7\u00e3o &#8220;Pra\u00e7a do Bem&#8221; tem oito motos apreendidas e um homem preso"},"content":{"rendered":"\n<p>Oito motos foram apreendidas e um homem foi preso em mais uma opera\u00e7\u00e3o &#8220;Pra\u00e7a do Bem&#8221; realizada na noite dessa sexta-feira (14\/03). As a\u00e7\u00f5es s\u00e3o realizadas aos finais de semana, reunindo a Pol\u00edcia Militar, Pol\u00edcia Civil, Guarda Civil, CPTrans e Fiscaliza\u00e7\u00e3o de Posturas.<\/p>\n\n\n\n<p>O objetivo \u00e9 fiscalizar bares e estabelecimentos comerciais que perturbam o sossego e a ordem p\u00fablica no munic\u00edpio, assim como ve\u00edculos parados em locais irregulares.<\/p>\n\n\n\n<p>Nessa sexta-feira, as fiscaliza\u00e7\u00f5es ocorreram no Centro, abrangendo as ruas Nelson de S\u00e1 Earp, Pra\u00e7a da Liberdade, 7 de Abril, 13 de Maio e Imperador, tamb\u00e9m as pra\u00e7as da Liberdade e da \u00c1guia. Os agentes tamb\u00e9m estiveram na Castel\u00e2nea.<\/p>\n\n\n\n<p>No total, 14 estabelecimentos foram fiscalizados, com os agentes verificando se estavam cumprindo as normas de sossego e ordem p\u00fablica e tamb\u00e9m alvar\u00e1s. Oito motocicletas foram apreendidas e um homem foi preso por for\u00e7a de mandado de pris\u00e3o.<\/p>\n\n\n\n<p>&#8220;Essa opera\u00e7\u00e3o \u00e9 mais uma a\u00e7\u00e3o para garantir a tranquilidade do sossego p\u00fablico, a ordem e a seguran\u00e7a da popula\u00e7\u00e3o do munic\u00edpio de Petr\u00f3polis&#8221;, destaca o secret\u00e1rio de Servi\u00e7o, Seguran\u00e7a e Ordem P\u00fablica (SSOP), Marcelo Chit\u00e3o.<\/p>\n","protected":false},"excerpt":{"rendered":"<p>Oito motos foram apreendidas e um homem foi preso em mais uma opera\u00e7\u00e3o &#8220;Pra\u00e7a do<\/p>\n","protected":false},"author":2,"featured_media":100736,"comment_status":"open","ping_status":"open","sticky":false,"template":"","format":"standard","meta":{"footnotes":""},"categories":[12],"tags":[],"class_list":["post-100735","post","type-post","status-publish","format-standard","has-post-thumbnail","hentry","category-cidade"],"_links":{"self":[{"href":"https:\/\/tvc16.com\/portal\/wp-json\/wp\/v2\/posts\/100735","targetHints":{"allow":["GET"]}}],"collection":[{"href":"https:\/\/tvc16.com\/portal\/wp-json\/wp\/v2\/posts"}],"about":[{"href":"https:\/\/tvc16.com\/portal\/wp-json\/wp\/v2\/types\/post"}],"author":[{"embeddable":true,"href":"https:\/\/tvc16.com\/portal\/wp-json\/wp\/v2\/users\/2"}],"replies":[{"embeddable":true,"href":"https:\/\/tvc16.com\/portal\/wp-json\/wp\/v2\/comments?post=100735"}],"version-history":[{"count":1,"href":"https:\/\/tvc16.com\/portal\/wp-json\/wp\/v2\/posts\/100735\/revisions"}],"predecessor-version":[{"id":100737,"href":"https:\/\/tvc16.com\/portal\/wp-json\/wp\/v2\/posts\/100735\/revisions\/100737"}],"wp:featuredmedia":[{"embeddable":true,"href":"https:\/\/tvc16.com\/portal\/wp-json\/wp\/v2\/media\/100736"}],"wp:attachment":[{"href":"https:\/\/tvc16.com\/portal\/wp-json\/wp\/v2\/media?parent=100735"}],"wp:term":[{"taxonomy":"category","embeddable":true,"href":"https:\/\/tvc16.com\/portal\/wp-json\/wp\/v2\/categories?post=100735"},{"taxonomy":"post_tag","embeddable":true,"href":"https:\/\/tvc16.com\/portal\/wp-json\/wp\/v2\/tags?post=100735"}],"curies":[{"name":"wp","href":"https:\/\/api.w.org\/{rel}","templated":true}]}}