{"id":100752,"date":"2025-03-16T11:00:00","date_gmt":"2025-03-16T14:00:00","guid":{"rendered":"https:\/\/tvc16.com\/portal\/?p=100752"},"modified":"2025-03-15T13:35:06","modified_gmt":"2025-03-15T16:35:06","slug":"torneio-de-robotica-classifica-estudantes-para-competicao-mundial","status":"publish","type":"post","link":"https:\/\/tvc16.com\/portal\/2025\/03\/16\/torneio-de-robotica-classifica-estudantes-para-competicao-mundial\/","title":{"rendered":"Torneio de rob\u00f3tica classifica estudantes para competi\u00e7\u00e3o mundial"},"content":{"rendered":"\n<p>Evento desperta interesse por tecnologia, engenharia e matem\u00e1tica<\/p>\n\n\n\n<p>O jovem Pedro Dutra \u00e9 morador do Complexo do Alem\u00e3o, na zona Norte do Rio de Janeiro. A cerca de 8 quil\u00f4metros dali, em Cordovil, Complexo de Israel, reside o estudante Breno Alencar, de 15 anos.<img decoding=\"async\" src=\"https:\/\/agenciabrasil.ebc.com.br\/ebc.png?id=1634742&amp;o=node\"><img decoding=\"async\" src=\"https:\/\/agenciabrasil.ebc.com.br\/ebc.gif?id=1634742&amp;o=node\"><\/p>\n\n\n\n<p>Em comum, os dois s\u00e3o estudantes de escolas p\u00fablicas e cursam rob\u00f3tica na Federa\u00e7\u00e3o das Ind\u00fastrias do Estado do Rio de Janeiro (Firjan) do Maracan\u00e3.\u00a0O aprendizado pr\u00e1tico e te\u00f3rico levou ambos a Bras\u00edlia para disputar uma vaga em equipe na final do\u00a07\u00ba Festival SESI de Educa\u00e7\u00e3o, a maior competi\u00e7\u00e3o de rob\u00f3tica do Brasil, que neste ano tem como tema os oceanos.\u00a0<\/p>\n\n\n\n<figure class=\"wp-block-image\"><img decoding=\"async\" src=\"https:\/\/imagens.ebc.com.br\/is38uwJPkc5OccvAePjQpmdNrIo=\/365x0\/smart\/https:\/\/agenciabrasil.ebc.com.br\/sites\/default\/files\/thumbnails\/image\/2025\/03\/14\/pzzb4137.jpg?itok=ZfrLpJrq\" alt=\"Bras\u00edlia (DF) 14\/03\/2025 Estudantes de v\u00e1rios locais do pa\u00eds participam do Torneio Sesi de rob\u00f3tica. Os estudantes Breno Alencar e Pedro Nova,  falam com a Ag\u00eancia Brasil  Foto: Fabio Rodrigues-Pozzebom\/ Ag\u00eancia Brasil\" title=\"Fabio Rodrigues-Pozzebom\/ Ag\u00eancia Brasil\"\/><\/figure>\n\n\n\n<h6 class=\"wp-block-heading\">Bras\u00edlia (DF) 14\/03\/2025 Os estudantes Breno Alencar e Pedro Nova Foto:&nbsp;<strong>Fabio Rodrigues-Pozzebom\/ Ag\u00eancia Brasil<\/strong><\/h6>\n\n\n\n<p><strong>O torneio de rob\u00f3tica \u00e9 o passaporte para o mundial em Houston, nos Estados Unidos, que re\u00fane, anualmente, cerca de 15 mil estudantes de todo o planeta.<\/strong><\/p>\n\n\n\n<p>Pedro sonha em conquistar uma das vagas na etapa classificat\u00f3ria para o mundial de rob\u00f3tica, ap\u00f3s ter vencido as fases regionais no estado. O estudante diz que a tecnologia tem transformado a vida.&nbsp;<\/p>\n\n\n\n<p>&#8220;A rob\u00f3tica tem facilitado os estudos, porque a programa\u00e7\u00e3o envolve muita matem\u00e1tica e nosso racioc\u00ednio l\u00f3gico para pensar mais r\u00e1pido. Al\u00e9m de muita f\u00edsica para o desenvolvimento de rob\u00f4s&#8221;, conta o estudante.&nbsp;<\/p>\n\n\n\n<p>O colega de equipe, Breno, viajou pela primeira vez de avi\u00e3o para a seletiva da capital federal e j\u00e1 sonha em se tornar um profissional de Tecnologia da Informa\u00e7\u00e3o (TI), voltado para desenvolvimento de softwares.&nbsp;<\/p>\n\n\n\n<p>&#8220;Nunca tive contato com a rob\u00f3tica, nem programa\u00e7\u00e3o, nada. Entrei firme no curso e a gente foi montando rob\u00f4s. Passamos. Estou realizado. S\u00f3 de eu estar aqui, j\u00e1 \u00e9 um sonho&#8221;.<\/p>\n\n\n\n<figure class=\"wp-block-image\"><img decoding=\"async\" src=\"https:\/\/imagens.ebc.com.br\/U7nLcgbfDFoywCwheT5tPCYIWd8=\/754x0\/smart\/https:\/\/agenciabrasil.ebc.com.br\/sites\/default\/files\/thumbnails\/image\/2025\/03\/14\/pzzb4235.jpg?itok=zyF9I8N6\" alt=\"Bras\u00edlia (DF) 14\/03\/2025 Estudantes de v\u00e1rios locais do pa\u00eds participam do Torneio Sesi de rob\u00f3tica  Foto: Fabio Rodrigues-Pozzebom\/ Ag\u00eancia Brasil\" title=\"Fabio Rodrigues-Pozzebom\/ Ag\u00eancia Brasil\"\/><\/figure>\n\n\n\n<h6 class=\"wp-block-heading\">Bras\u00edlia (DF) 14\/03\/2025 Estudantes de v\u00e1rios locais do pa\u00eds participam do Torneio Sesi de rob\u00f3tica Foto:&nbsp;&nbsp;<strong>Fabio Rodrigues-Pozzebom\/ Ag\u00eancia Brasil<\/strong><\/h6>\n\n\n\n<h2 class=\"wp-block-heading\">Competi\u00e7\u00e3o nacional<\/h2>\n\n\n\n<p><strong>O festival de rob\u00f3tica re\u00fane at\u00e9 este s\u00e1bado (15), 2,5 mil estudantes divididos entre 270 equipes das cinco regi\u00f5es do pa\u00eds. Al\u00e9m das escolas do Sesi, 23 escolas p\u00fablicas competem nesta s\u00e9tima edi\u00e7\u00e3o.<\/strong><\/p>\n\n\n\n<p>A disputa em Bras\u00edlia marca o encerramento da temporada nacional e classifica dez equipes para a competi\u00e7\u00e3o internacional, em abril, em tr\u00eas categorias da FIRST [sigla em ingl\u00eas para For Inspiration and Recognition of Science and Technology] de diferentes faixas et\u00e1rias:&nbsp;<\/p>\n\n\n\n<ul class=\"wp-block-list\">\n<li>3 equipes da First Lego League Challenge (FLLC);<\/li>\n\n\n\n<li>3 da First Tech Challenge (FTC); e<\/li>\n\n\n\n<li>4 da First Robotics Competition (FRC).<\/li>\n<\/ul>\n\n\n\n<p><strong>As tr\u00eas modalidades de rob\u00f3tica envolvem rob\u00f4s de diversos portes, desde as pequenas m\u00e1quinas feitas de blocos pl\u00e1sticos de montar at\u00e9 rob\u00f4s de 1,2 metro de altura, que pesam 56 kg, programados para cumprir desafios com grandes bolas.<\/strong><\/p>\n\n\n\n<h2 class=\"wp-block-heading\">Legado<\/h2>\n\n\n\n<p><strong>Desde 2012, mais de 45 mil estudantes participaram dos torneios FIRST no Brasil. O pa\u00eds acumula mais de 110 pr\u00eamios internacionais apenas na modalidade iniciante (FLLC).&nbsp;<\/strong><\/p>\n\n\n\n<figure class=\"wp-block-image\"><img decoding=\"async\" src=\"https:\/\/imagens.ebc.com.br\/XQaaoky3JhtBxVSL6AYJWOf2G9s=\/365x0\/smart\/https:\/\/agenciabrasil.ebc.com.br\/sites\/default\/files\/thumbnails\/image\/2025\/03\/14\/pzzb4095.jpg?itok=zMMN2Nz2\" alt=\"Bras\u00edlia (DF) 14\/03\/2025 Estudantes de v\u00e1rios locais do pa\u00eds participam do Torneio Sesi de rob\u00f3tica. A gerente do Sesi, Katia Marangon, fala com a Ag\u00eancia Brasil  Foto: Fabio Rodrigues-Pozzebom\/ Ag\u00eancia Brasil\" title=\"Fabio Rodrigues-Pozzebom\/ Ag\u00eancia Brasil\"\/><\/figure>\n\n\n\n<h6 class=\"wp-block-heading\">Bras\u00edlia (DF) 14\/03\/2025&nbsp; A gerente do Sesi, Katia Marangon, fala com a Ag\u00eancia Brasil Foto: Fabio Rodrigues-Pozzebom\/ Ag\u00eancia Brasil &#8211;&nbsp;<strong>Fabio Rodrigues-Pozzebom\/ Ag\u00eancia Brasil<\/strong><\/h6>\n\n\n\n<p>A gerente do Centro Servi\u00e7o Social da Ind\u00fastria (Sesi) de Forma\u00e7\u00e3o e Educa\u00e7\u00e3o, K\u00e1tia Marangon, avalia que a rob\u00f3tica educacional extrapola as arenas do evento, porque os estudantes t\u00eam a inicia\u00e7\u00e3o cient\u00edfica, contato com a intelig\u00eancia artificial (I.A.) e tamb\u00e9m trabalham em equipe.&nbsp;<\/p>\n\n\n\n<p>\u201cUm estudante que passou pela rob\u00f3tica tem um diferencial quando chega ao mundo do trabalho. A gente fala muito dessa educa\u00e7\u00e3o para o s\u00e9culo XXI, com as muitas habilidades que esses jovens est\u00e3o desenvolvendo aqui: muita tecnologia, pensamento computacional e de intelig\u00eancia artificial, al\u00e9m de pr\u00f3prias compet\u00eancias s\u00f3cio-emocionais. Isso tudo s\u00e3o as habilidades requeridas pelo mundo do trabalho agora\u201d.&nbsp;<\/p>\n\n\n\n<blockquote class=\"wp-block-quote is-layout-flow wp-block-quote-is-layout-flow\">\n<p>\u201cO maior legado da rob\u00f3tica \u00e9 a gente poder mostrar que \u00e9 poss\u00edvel aprender de uma forma mais prazerosa, de uma forma real, resolvendo na pr\u00e1tica problemas ali de uma comunidade\u201d, disse a gerente do Sesi, Katia Marangon.<\/p>\n<\/blockquote>\n\n\n\n<p>Jo\u00e3o Silva \u00e9 \u00e1rbitro do torneio de rob\u00f3tica. Ele j\u00e1 esteve do outro lado, entre os competidores, quando ainda era crian\u00e7a no Guaruj\u00e1 (SP). Para ele, trabalhar como volunt\u00e1rio \u00e9 uma forma de retribuir os ensinamentos levando ci\u00eancia e tecnologia para essa crian\u00e7ada.<\/p>\n\n\n\n<p>&nbsp;&nbsp;\u201cO profissional que eu sou na empresa onde trabalho \u00e9 gra\u00e7as \u00e0 rob\u00f3tica e ao poder transformador dele e destes torneios, que impactam mais e mais jovens e adolescentes para se tornarem adultos bons em matem\u00e1tica, ci\u00eancia, tecnologia e I.A.\u201d<\/p>\n\n\n\n<figure class=\"wp-block-image\"><img decoding=\"async\" src=\"https:\/\/imagens.ebc.com.br\/qeRnL8G5g5YE23uHdjJAC1CiTOU=\/754x0\/smart\/https:\/\/agenciabrasil.ebc.com.br\/sites\/default\/files\/thumbnails\/image\/2025\/03\/14\/pzzb4361.jpg?itok=CpnhR5jG\" alt=\"Bras\u00edlia (DF) 14\/03\/2025 Estudantes de v\u00e1rios locais do pa\u00eds participam do Torneio Sesi de rob\u00f3tica. O \u00e1rbitro Jo\u00e3o Silva ( de chap\u00e9u de girafa), fala com a Ag\u00eancia Brasil   Foto: Fabio Rodrigues-Pozzebom\/ Ag\u00eancia Brasil\" title=\"Fabio Rodrigues-Pozzebom\/ Ag\u00eancia Brasil\"\/><\/figure>\n\n\n\n<h6 class=\"wp-block-heading\">Bras\u00edlia (DF) 14\/03\/2025 O \u00e1rbitro Jo\u00e3o Silva ( de chap\u00e9u de girafa), fala com a Ag\u00eancia Brasil Foto: Fabio Rodrigues-Pozzebom\/ Ag\u00eancia Brasil &#8211;&nbsp;<strong>Fabio Rodrigues-Pozzebom\/ Ag\u00eancia Brasil<\/strong><\/h6>\n\n\n\n<h2 class=\"wp-block-heading\">Competidores<\/h2>\n\n\n\n<p><strong>Os competidores do festival nacional t\u00eam entre 9 a 19 anos e s\u00e3o estudantes dos ensinos fundamental e m\u00e9dio de escolas p\u00fablicas e privadas.<\/strong><\/p>\n\n\n\n<figure class=\"wp-block-image\"><img decoding=\"async\" src=\"https:\/\/imagens.ebc.com.br\/ua_R0VGfFoCsK8SBlKe_9sjVBP8=\/365x0\/smart\/https:\/\/agenciabrasil.ebc.com.br\/sites\/default\/files\/thumbnails\/image\/2025\/03\/14\/pzzb4336.jpg?itok=72PFECYV\" alt=\"Bras\u00edlia (DF) 14\/03\/2025 Estudantes de v\u00e1rios locais do pa\u00eds participam do Torneio Sesi de rob\u00f3tica. O estudante Fl\u00e1vio Expedito, fala com a Ag\u00eancia Brasil  Foto: Fabio Rodrigues-Pozzebom\/ Ag\u00eancia Brasil\" title=\"Fabio Rodrigues-Pozzebom\/ Ag\u00eancia Brasil\"\/><\/figure>\n\n\n\n<p>Bras\u00edlia (DF) 14\/03\/2025 O estudante Fl\u00e1vio Expedito Foto:&nbsp;<strong>Fabio Rodrigues-Pozzebom\/ Ag\u00eancia Brasil<\/strong><\/p>\n\n\n\n<p>Um deles \u00e9 Fl\u00e1vio Expedito Medeiros, de 13 anos, membro da equipe Cyber Hacks. Mesmo com a pouca idade, esta \u00e9 a segunda participa\u00e7\u00e3o do morador de Curitiba no torneio nacional na categoria First Lego League Challenge (FLLC). O menino classifica as provas como bem desafiadoras porque \u00e9 preciso percorrer um trajeto com rob\u00f4s feitos de Lego.&nbsp;<\/p>\n\n\n\n<blockquote class=\"wp-block-quote is-layout-flow wp-block-quote-is-layout-flow\">\n<p>&#8220;\u00c9 inspirador para mim. Nunca pensei na minha vida inteira que eu iria fazer algo t\u00e3o desafiante assim. Aqui, trabalho muito a minha criatividade\u201d.<\/p>\n<\/blockquote>\n\n\n\n<p><strong>Paralelo \u00e0s tr\u00eas categorias, ocorre o torneio Sesi F1 in Schools, que desafia estudantes a desenvolverem escuderias de F\u00f3rmula 1.&nbsp;<\/strong>A estudante Manoela Luzini Gon\u00e7alves, de 16 anos, est\u00e1 entre os seis pilotos da equipe de Goi\u00e2nia e precisa aliar reflexos r\u00e1pidos e concentra\u00e7\u00e3o, na maior velocidade poss\u00edvel das miniaturas de carrinhos de corrida.&nbsp;<\/p>\n\n\n\n<blockquote class=\"wp-block-quote is-layout-flow wp-block-quote-is-layout-flow\">\n<p>\u201cEstou feliz s\u00f3 de estar aqui. J\u00e1 sou uma vencedora mesmo que a gente n\u00e3o ganhe nenhuma competi\u00e7\u00e3o.\u201d&nbsp;<\/p>\n<\/blockquote>\n\n\n\n<p>Manoela explicou que quatro pilares s\u00e3o desenvolvidos durante o projeto: engenharia, para a constru\u00e7\u00e3o e montagem do ve\u00edculo; gest\u00e3o de projetos, para organiza\u00e7\u00e3o da equipe; comunica\u00e7\u00e3o entre as \u00e1reas; e promo\u00e7\u00e3o da marca e dos patrocinadores.&nbsp;<\/p>\n\n\n\n<p>\u201c\u00c9 um grande desafio, porque s\u00e3o muitas \u00e1reas que a gente tem que interconectar.\u201d<\/p>\n\n\n\n<p>Projetos<\/p>\n\n\n\n<p><strong>Al\u00e9m das competi\u00e7\u00f5es, divididas em dois andares dos locais, o p\u00fablico pode conferir os experimentos campe\u00f5es com rob\u00f4s das etapas estaduais que classificaram as equipes para competir em Bras\u00edlia.<\/strong><\/p>\n\n\n\n<p>Um destas inven\u00e7\u00f5es \u00e9 a prancha guiada por um controle remoto, criada pela equipe de Aragua\u00edna (TO), para resgatar pessoas em situa\u00e7\u00e3o de afogamento at\u00e9 que o salva-vidas as alcance. Os integrantes do grupo chamam a aten\u00e7\u00e3o dos visitantes por estarem fantasiados de personagens da turma do mexicano Chaves. Sem acanhamento, ele apresentam o prot\u00f3tipo de baixo custo, mais acess\u00edvel, sobretudo, para comunidades do interior do pa\u00eds.<\/p>\n\n\n\n<blockquote class=\"wp-block-quote is-layout-flow wp-block-quote-is-layout-flow\">\n<p>\u201cNosso objetivo \u00e9 levar essa solu\u00e7\u00e3o a todos er espalhar ainda mais o nosso projeto, para mostrarmos que a rob\u00f3tica n\u00e3o \u00e9 feita por m\u00e1quinas gigantes e projetos extravagantes, mas tamb\u00e9m est\u00e1 nos pequenos projetos\u201d, explicou&nbsp; l\u00edder da equipe tocantinense, Liz Ester Rodrigues, de 15 anos.<\/p>\n<\/blockquote>\n\n\n\n<figure class=\"wp-block-image\"><img decoding=\"async\" src=\"https:\/\/imagens.ebc.com.br\/rhHW6fMvi7TcWX7ucuB1i0uuPhk=\/754x0\/smart\/https:\/\/agenciabrasil.ebc.com.br\/sites\/default\/files\/thumbnails\/image\/2025\/03\/14\/pzzb4190.jpg?itok=Dko9-Af9\" alt=\"Bras\u00edlia (DF) 14\/03\/2025 Estudantes de v\u00e1rios locais do pa\u00eds participam do Torneio Sesi de rob\u00f3tica. Estudantes de Aragua\u00edna, no Tocantins,  falam com a Ag\u00eancia Brasil  Foto: Fabio Rodrigues-Pozzebom\/ Ag\u00eancia Brasil\" title=\"Fabio Rodrigues-Pozzebom\/ Ag\u00eancia Brasil\"\/><\/figure>\n\n\n\n<p>Bras\u00edlia (DF) 14\/03\/2025 Estudantes de Aragua\u00edna, no Tocantins, falam com a Ag\u00eancia Brasil Foto:&nbsp;<strong>Fabio Rodrigues-Pozzebom\/ Ag\u00eancia Brasil<\/strong><\/p>\n\n\n\n<h2 class=\"wp-block-heading\">P\u00fablico<\/h2>\n\n\n\n<p>Al\u00e9m dos participantes, o tamb\u00e9m pode visitar de gra\u00e7a as arenas de competi\u00e7\u00f5es da rob\u00f3tica. A organiza\u00e7\u00e3o do evento estima que cerca de 15 mil pessoas devem passar pelo local.&nbsp;&nbsp;<\/p>\n\n\n\n<p>Os visitantes ainda podem participar de oficinas educativas: de insetos el\u00e9tricos e broche de luz, que ajudam a entender o funcionamento e a cria\u00e7\u00e3o de circuitos el\u00e9tricos; carrinho a motor, que convida o p\u00fablico a montar um carrinho com palitos de sorvete; um motor e rodinhas de papel\u00e3o.&nbsp;S\u00e3o 40 vagas por oficina e a inscri\u00e7\u00e3o pode ser feita na hora.<\/p>\n\n\n\n<p>Por Daniella Almeida &#8211; Rep\u00f3rter da Ag\u00eancia Brasil<\/p>\n\n\n\n<p>Foto Fabio Rodrigues-Pozzebom\/ Ag\u00eancia Brasil<\/p>\n\n\n\n<p><\/p>\n","protected":false},"excerpt":{"rendered":"<p>Evento desperta interesse por tecnologia, engenharia e matem\u00e1tica O jovem Pedro Dutra \u00e9 morador do<\/p>\n","protected":false},"author":2,"featured_media":100753,"comment_status":"open","ping_status":"open","sticky":false,"template":"","format":"standard","meta":{"footnotes":""},"categories":[17],"tags":[],"class_list":["post-100752","post","type-post","status-publish","format-standard","has-post-thumbnail","hentry","category-outras-noticias"],"_links":{"self":[{"href":"https:\/\/tvc16.com\/portal\/wp-json\/wp\/v2\/posts\/100752","targetHints":{"allow":["GET"]}}],"collection":[{"href":"https:\/\/tvc16.com\/portal\/wp-json\/wp\/v2\/posts"}],"about":[{"href":"https:\/\/tvc16.com\/portal\/wp-json\/wp\/v2\/types\/post"}],"author":[{"embeddable":true,"href":"https:\/\/tvc16.com\/portal\/wp-json\/wp\/v2\/users\/2"}],"replies":[{"embeddable":true,"href":"https:\/\/tvc16.com\/portal\/wp-json\/wp\/v2\/comments?post=100752"}],"version-history":[{"count":1,"href":"https:\/\/tvc16.com\/portal\/wp-json\/wp\/v2\/posts\/100752\/revisions"}],"predecessor-version":[{"id":100754,"href":"https:\/\/tvc16.com\/portal\/wp-json\/wp\/v2\/posts\/100752\/revisions\/100754"}],"wp:featuredmedia":[{"embeddable":true,"href":"https:\/\/tvc16.com\/portal\/wp-json\/wp\/v2\/media\/100753"}],"wp:attachment":[{"href":"https:\/\/tvc16.com\/portal\/wp-json\/wp\/v2\/media?parent=100752"}],"wp:term":[{"taxonomy":"category","embeddable":true,"href":"https:\/\/tvc16.com\/portal\/wp-json\/wp\/v2\/categories?post=100752"},{"taxonomy":"post_tag","embeddable":true,"href":"https:\/\/tvc16.com\/portal\/wp-json\/wp\/v2\/tags?post=100752"}],"curies":[{"name":"wp","href":"https:\/\/api.w.org\/{rel}","templated":true}]}}