{"id":100755,"date":"2025-03-16T12:00:00","date_gmt":"2025-03-16T15:00:00","guid":{"rendered":"https:\/\/tvc16.com\/portal\/?p=100755"},"modified":"2025-03-15T13:40:07","modified_gmt":"2025-03-15T16:40:07","slug":"mes-da-mulher-um-dia-especial-para-as-maes-atipicas","status":"publish","type":"post","link":"https:\/\/tvc16.com\/portal\/2025\/03\/16\/mes-da-mulher-um-dia-especial-para-as-maes-atipicas\/","title":{"rendered":"M\u00eas da Mulher: um dia especial para as m\u00e3es at\u00edpicas"},"content":{"rendered":"\n<p>&#8220;Me senti acolhida, abra\u00e7ada. \u00c9 importante saber que se importam com a gente, querem saber como estamos&#8221;. Foi assim que a funcion\u00e1ria da Comdep, Juliene Francisca Lucena, falou sobre o evento Dia da M\u00e3e At\u00edpica, que aconteceu nesta sexta-feira (14), dentro da programa\u00e7\u00e3o do M\u00eas da Mulher, promovida pela Prefeitura de Petr\u00f3polis.<\/p>\n\n\n\n<p>&#8220;Cuidar de quem cuida \u00e9 esse o objetivo desse evento destinado a essas mulheres especiais que se dedicam ao cuidado dos filhos at\u00edpicos&#8221;, disse o prefeito Hingo Hammes.<\/p>\n\n\n\n<p>O Dia da M\u00e3e At\u00edpica aconteceu na sede da Secretaria de Direitos e Pol\u00edticas para Mulheres. O evento contou com palestras, roda de conversa, oficinas e a\u00e7\u00f5es de cuidado e beleza.<\/p>\n\n\n\n<p>&#8220;Percebemos o quanto era importante, dentro da programa\u00e7\u00e3o do m\u00eas da mulher, ter um dia totalmente dedicado a essas m\u00e3es para que elas pudessem ser ouvidas e cuidadas&#8221;, ressaltou a secret\u00e1ria da Mulher, Ros\u00e2ngela Stumpf.<\/p>\n\n\n\n<p>O secret\u00e1rio de Esportes e da Pessoa com Defici\u00eancia, Mobilidade Reduzida e Doen\u00e7as Raras, Leandro Kronemberguer tamb\u00e9m participou do evento. Ele falou sobre as a\u00e7\u00f5es das secretarias para as crian\u00e7as e jovens at\u00edpicos e que a Prefeitura est\u00e1 planejando para atender com mais qualidade esse p\u00fablico. &#8220;Estamos desenvolvendo a\u00e7\u00f5es para garantir mais acessibilidade e um atendimento adequado para essas crian\u00e7as e jovens&#8221;, comentou o secret\u00e1rio.<\/p>\n\n\n\n<p>As atividades do M\u00eas da Mulher seguem at\u00e9 o fim de m\u00eas de mar\u00e7o, com palestras, a\u00e7\u00f5es culturais e esportivas, feira e oficinas. A programa\u00e7\u00e3o completa est\u00e1 dispon\u00edvel no site da Prefeitura (petropolis.rj.gov.br).<\/p>\n","protected":false},"excerpt":{"rendered":"<p>&#8220;Me senti acolhida, abra\u00e7ada. \u00c9 importante saber que se importam com a gente, querem saber<\/p>\n","protected":false},"author":2,"featured_media":100756,"comment_status":"open","ping_status":"open","sticky":false,"template":"","format":"standard","meta":{"footnotes":""},"categories":[12],"tags":[],"class_list":["post-100755","post","type-post","status-publish","format-standard","has-post-thumbnail","hentry","category-cidade"],"_links":{"self":[{"href":"https:\/\/tvc16.com\/portal\/wp-json\/wp\/v2\/posts\/100755","targetHints":{"allow":["GET"]}}],"collection":[{"href":"https:\/\/tvc16.com\/portal\/wp-json\/wp\/v2\/posts"}],"about":[{"href":"https:\/\/tvc16.com\/portal\/wp-json\/wp\/v2\/types\/post"}],"author":[{"embeddable":true,"href":"https:\/\/tvc16.com\/portal\/wp-json\/wp\/v2\/users\/2"}],"replies":[{"embeddable":true,"href":"https:\/\/tvc16.com\/portal\/wp-json\/wp\/v2\/comments?post=100755"}],"version-history":[{"count":1,"href":"https:\/\/tvc16.com\/portal\/wp-json\/wp\/v2\/posts\/100755\/revisions"}],"predecessor-version":[{"id":100757,"href":"https:\/\/tvc16.com\/portal\/wp-json\/wp\/v2\/posts\/100755\/revisions\/100757"}],"wp:featuredmedia":[{"embeddable":true,"href":"https:\/\/tvc16.com\/portal\/wp-json\/wp\/v2\/media\/100756"}],"wp:attachment":[{"href":"https:\/\/tvc16.com\/portal\/wp-json\/wp\/v2\/media?parent=100755"}],"wp:term":[{"taxonomy":"category","embeddable":true,"href":"https:\/\/tvc16.com\/portal\/wp-json\/wp\/v2\/categories?post=100755"},{"taxonomy":"post_tag","embeddable":true,"href":"https:\/\/tvc16.com\/portal\/wp-json\/wp\/v2\/tags?post=100755"}],"curies":[{"name":"wp","href":"https:\/\/api.w.org\/{rel}","templated":true}]}}