{"id":10076,"date":"2021-02-01T23:23:41","date_gmt":"2021-02-02T02:23:41","guid":{"rendered":"https:\/\/tvc16.com\/portal\/?p=10076"},"modified":"2021-02-01T23:23:44","modified_gmt":"2021-02-02T02:23:44","slug":"com-vacinometros-populacao-pode-acompanhar-imunizacao-nos-estados","status":"publish","type":"post","link":"https:\/\/tvc16.com\/portal\/2021\/02\/01\/com-vacinometros-populacao-pode-acompanhar-imunizacao-nos-estados\/","title":{"rendered":"Com vacin\u00f4metros, popula\u00e7\u00e3o pode acompanhar imuniza\u00e7\u00e3o nos estados"},"content":{"rendered":"\n<h3 class=\"wp-block-heading\">Banco de dados registra n\u00famero de pessoas que foram vacinadas<\/h3>\n\n\n\n<p>Com o in\u00edcio da vacina\u00e7\u00e3o contra a covid-19, governos estaduais e municipais passaram a divulgar um vacin\u00f4metro, uma esp\u00e9cie de banco de dados que registra, entre outras informa\u00e7\u00f5es, a quantidade de pessoas que j\u00e1 tomaram algum tipo de imunizante contra a doen\u00e7a, locais de vacina\u00e7\u00e3o e&nbsp;quais grupos est\u00e3o sendo vacinados.&nbsp;Na maior parte dos vacin\u00f4metros tamb\u00e9m \u00e9 poss\u00edvel obter as informa\u00e7\u00f5es por munic\u00edpio.<img decoding=\"async\" src=\"https:\/\/agenciabrasil.ebc.com.br\/ebc.png?id=1400234&amp;o=node\"><img decoding=\"async\" src=\"https:\/\/agenciabrasil.ebc.com.br\/ebc.gif?id=1400234&amp;o=node\"><\/p>\n\n\n\n<p>O Minist\u00e9rio da Sa\u00fade tamb\u00e9m disponibiliza uma ferramenta com informa\u00e7\u00f5es sobre o registro das doses aplicadas da vacina. Os dados sobre as coberturas vacinais podem ser acessados por meio de um&nbsp;<a href=\"https:\/\/viz.saude.gov.br\/extensions\/DEMAS_C19Vacina\/DEMAS_C19Vacina.html\" target=\"_blank\" rel=\"noreferrer noopener\">painel&nbsp;<em>online<\/em>, no LocalizaSUS<\/a>.<\/p>\n\n\n\n<p>Os dados do minist\u00e9rio, abastecidos pelos munic\u00edpios, mostram que, at\u00e9 o momento, foram aplicadas 679.893 doses, de um p\u00fablico-alvo, nessa etapa de vacina\u00e7\u00e3o, de 77.219.266 pessoas.<\/p>\n\n\n\n<p>Por Luciano Nascimento &#8211; Rep\u00f3rter da Ag\u00eancia Brasil &#8211; Bras\u00edlia<\/p>\n","protected":false},"excerpt":{"rendered":"<p>Banco de dados registra n\u00famero de pessoas que foram vacinadas Com o in\u00edcio da vacina\u00e7\u00e3o<\/p>\n","protected":false},"author":2,"featured_media":10077,"comment_status":"open","ping_status":"open","sticky":false,"template":"","format":"standard","meta":{"footnotes":""},"categories":[17],"tags":[],"class_list":["post-10076","post","type-post","status-publish","format-standard","has-post-thumbnail","hentry","category-outras-noticias"],"_links":{"self":[{"href":"https:\/\/tvc16.com\/portal\/wp-json\/wp\/v2\/posts\/10076","targetHints":{"allow":["GET"]}}],"collection":[{"href":"https:\/\/tvc16.com\/portal\/wp-json\/wp\/v2\/posts"}],"about":[{"href":"https:\/\/tvc16.com\/portal\/wp-json\/wp\/v2\/types\/post"}],"author":[{"embeddable":true,"href":"https:\/\/tvc16.com\/portal\/wp-json\/wp\/v2\/users\/2"}],"replies":[{"embeddable":true,"href":"https:\/\/tvc16.com\/portal\/wp-json\/wp\/v2\/comments?post=10076"}],"version-history":[{"count":1,"href":"https:\/\/tvc16.com\/portal\/wp-json\/wp\/v2\/posts\/10076\/revisions"}],"predecessor-version":[{"id":10078,"href":"https:\/\/tvc16.com\/portal\/wp-json\/wp\/v2\/posts\/10076\/revisions\/10078"}],"wp:featuredmedia":[{"embeddable":true,"href":"https:\/\/tvc16.com\/portal\/wp-json\/wp\/v2\/media\/10077"}],"wp:attachment":[{"href":"https:\/\/tvc16.com\/portal\/wp-json\/wp\/v2\/media?parent=10076"}],"wp:term":[{"taxonomy":"category","embeddable":true,"href":"https:\/\/tvc16.com\/portal\/wp-json\/wp\/v2\/categories?post=10076"},{"taxonomy":"post_tag","embeddable":true,"href":"https:\/\/tvc16.com\/portal\/wp-json\/wp\/v2\/tags?post=10076"}],"curies":[{"name":"wp","href":"https:\/\/api.w.org\/{rel}","templated":true}]}}