{"id":100763,"date":"2025-03-16T15:00:00","date_gmt":"2025-03-16T18:00:00","guid":{"rendered":"https:\/\/tvc16.com\/portal\/?p=100763"},"modified":"2025-03-15T13:55:58","modified_gmt":"2025-03-15T16:55:58","slug":"governo-realiza-5o-encontro-estadual-de-gestores-da-cultura-na-proxima-segunda-feira","status":"publish","type":"post","link":"https:\/\/tvc16.com\/portal\/2025\/03\/16\/governo-realiza-5o-encontro-estadual-de-gestores-da-cultura-na-proxima-segunda-feira\/","title":{"rendered":"Governo realiza 5\u00ba Encontro Estadual de Gestores da Cultura na pr\u00f3xima segunda-feira"},"content":{"rendered":"\n<p>Evento voltado aos representantes municipais contar\u00e1 com apresenta\u00e7\u00e3o de pesquisas e debates sobre as pol\u00edticas culturais em vigor<\/p>\n\n\n\n<p>Representantes dos 92 munic\u00edpios fluminenses s\u00e3o esperados no 5\u00ba Encontro Estadual de Gestores de Cultura do Rio de Janeiro. A a\u00e7\u00e3o \u00e9 realizada pela Secretaria de Estado de Cultura e Economia Criativa (Sececrj) e tem como objetivo fomentar um debate democr\u00e1tico sobre as pol\u00edticas p\u00fablicas em curso. O evento acontece na pr\u00f3xima segunda-feira (17\/3), a partir das 9h30, na Funda\u00e7\u00e3o Get\u00falio Vargas (FGV), em Botafogo.<\/p>\n\n\n\n<p>&#8220;\u00c9 importante que todos os gestores municipais estejam atualizados sobre as pol\u00edticas p\u00fablicas que est\u00e3o sendo promovidas em n\u00edvel estadual e federal, para que a informa\u00e7\u00e3o seja repassada na ponta, para os fazedores de cultura de cada cidade. \u00c9 tamb\u00e9m uma oportunidade de pensar de forma conjunta a formula\u00e7\u00e3o de novos mecanismos que possam beneficiar o setor, levando em conta as particularidades de cada territ\u00f3rio&#8221;, explica a Secret\u00e1ria de Estado de Cultura e Economia Criativa do Rio de Janeiro, Danielle Barros.&nbsp;&nbsp;<\/p>\n\n\n\n<p>A programa\u00e7\u00e3o ter\u00e1 in\u00edcio com uma apresenta\u00e7\u00e3o musical e abertura para falas das autoridades presentes. Ainda pela manh\u00e3, ser\u00e1 apresentado o resultado da pesquisa de impacto econ\u00f4mico da Lei Paulo Gustavo nas cidades fluminenses, realizada pela FGV. Antes da pausa para o almo\u00e7o, os representantes municipais poder\u00e3o tirar d\u00favidas sobre os temas debatidos.<\/p>\n\n\n\n<p>Ao longo do dia, ainda ser\u00e3o realizadas palestras sobre a Lei de Incentivo \u00e0 Cultura, Pol\u00edtica Nacional Aldir Blanc, forma\u00e7\u00f5es realizadas pela Escola da Cultura, informa\u00e7\u00f5es sobre a elei\u00e7\u00e3o do Conselho Estadual de Pol\u00edticas Culturais (CEPC) e elei\u00e7\u00e3o do F\u00f3rum de Gestores Municipais de Cultura do Rio de Janeiro. Fechando a programa\u00e7\u00e3o, a partir das 17h, os gestores municipais participar\u00e3o do Passaporte Cultural em uma visita guiada para conhecer o Theatro Municipal.&nbsp;<\/p>\n\n\n\n<p>O evento \u00e9 exclusivo para gestores municipais, que j\u00e1 se inscreveram previamente.<\/p>\n\n\n\n<p><strong>Programa\u00e7\u00e3o &#8211; 5\u00ba Encontro Estadual de Gestores de Cultura<br><\/strong><br>&#8211; 8h30 \u00e0s 9h30: Credenciamento e recep\u00e7\u00e3o (caf\u00e9 da manh\u00e3)<br>&#8211; 9h30 \u00e0s 9h45: Boas-vindas com apresenta\u00e7\u00f5es art\u00edsticas<br>&#8211; 9h45 \u00e0s 10h45: Falas de abertura de representantes da FGV, Estado e Minist\u00e9rio da Cultura<br>&#8211; 10h45 \u00e0s 11h30: Resultado da pesquisa de impacto econ\u00f4mico dos munic\u00edpios<br>&#8211; 11h30 \u00e0s 12h: Lei de Incentivo \u00e0 Cultura<br>&#8211; 12h \u00e0s 12h30: Cultura Viva (Pnab) e CPF da cultura<br>&#8211; 12h30 \u00e0s 12h50: Apresenta\u00e7\u00e3o MinC<br>&#8211; 12h50 \u00e0s 13h30: Microfone aberto para d\u00favidas<br>&#8211; 13h30 \u00e0s 14h30: Almo\u00e7o<br>&#8211; 14h30 \u00e0s 15h: Explica\u00e7\u00e3o sobre forma\u00e7\u00f5es da Escola da Cultura<br>&#8211; 15h \u00e0s 15h30: Editais e Pnab<br>&#8211; 15h30 \u00e0s 15h40: Cultura Presente nas Regi\u00f5es<br>&#8211; 15h40 \u00e0s 16h: Informa\u00e7\u00f5es sobre a elei\u00e7\u00e3o do CEPC<br>&#8211; 16h \u00e0s 17h: Elei\u00e7\u00e3o do F\u00f3rum de Gestores Municipais de Cultura do Rio de Janeiro<br>&#8211; 17h \u00e0s 19h: Experi\u00eancia Passaporte Cultural no Theatro Municipal<\/p>\n","protected":false},"excerpt":{"rendered":"<p>Evento voltado aos representantes municipais contar\u00e1 com apresenta\u00e7\u00e3o de pesquisas e debates sobre as pol\u00edticas<\/p>\n","protected":false},"author":2,"featured_media":100764,"comment_status":"open","ping_status":"open","sticky":false,"template":"","format":"standard","meta":{"footnotes":""},"categories":[17,1],"tags":[],"class_list":["post-100763","post","type-post","status-publish","format-standard","has-post-thumbnail","hentry","category-outras-noticias","category-uncategorized"],"_links":{"self":[{"href":"https:\/\/tvc16.com\/portal\/wp-json\/wp\/v2\/posts\/100763","targetHints":{"allow":["GET"]}}],"collection":[{"href":"https:\/\/tvc16.com\/portal\/wp-json\/wp\/v2\/posts"}],"about":[{"href":"https:\/\/tvc16.com\/portal\/wp-json\/wp\/v2\/types\/post"}],"author":[{"embeddable":true,"href":"https:\/\/tvc16.com\/portal\/wp-json\/wp\/v2\/users\/2"}],"replies":[{"embeddable":true,"href":"https:\/\/tvc16.com\/portal\/wp-json\/wp\/v2\/comments?post=100763"}],"version-history":[{"count":1,"href":"https:\/\/tvc16.com\/portal\/wp-json\/wp\/v2\/posts\/100763\/revisions"}],"predecessor-version":[{"id":100765,"href":"https:\/\/tvc16.com\/portal\/wp-json\/wp\/v2\/posts\/100763\/revisions\/100765"}],"wp:featuredmedia":[{"embeddable":true,"href":"https:\/\/tvc16.com\/portal\/wp-json\/wp\/v2\/media\/100764"}],"wp:attachment":[{"href":"https:\/\/tvc16.com\/portal\/wp-json\/wp\/v2\/media?parent=100763"}],"wp:term":[{"taxonomy":"category","embeddable":true,"href":"https:\/\/tvc16.com\/portal\/wp-json\/wp\/v2\/categories?post=100763"},{"taxonomy":"post_tag","embeddable":true,"href":"https:\/\/tvc16.com\/portal\/wp-json\/wp\/v2\/tags?post=100763"}],"curies":[{"name":"wp","href":"https:\/\/api.w.org\/{rel}","templated":true}]}}