{"id":100766,"date":"2025-03-16T16:00:00","date_gmt":"2025-03-16T19:00:00","guid":{"rendered":"https:\/\/tvc16.com\/portal\/?p=100766"},"modified":"2025-03-15T14:01:15","modified_gmt":"2025-03-15T17:01:15","slug":"senac-rj-abre-mais-de-25-vagas-gratuitas-para-jovens-de-16-a-21-anos-no-programa-portal-do-futuro-na-regiao-serrana","status":"publish","type":"post","link":"https:\/\/tvc16.com\/portal\/2025\/03\/16\/senac-rj-abre-mais-de-25-vagas-gratuitas-para-jovens-de-16-a-21-anos-no-programa-portal-do-futuro-na-regiao-serrana\/","title":{"rendered":"Senac RJ abre mais de 25 vagas gratuitas para jovens de 16 a 21 anos\u00a0no programa Portal do Futuro na Regi\u00e3o Serrana\u00a0\u00a0\u00a0"},"content":{"rendered":"\n<p><strong>Inscri\u00e7\u00f5es para a unidade de Petr\u00f3polis podem ser feitas a partir do dia 17 de mar\u00e7o. Iniciativa estimula a inclus\u00e3o social e a inser\u00e7\u00e3o no mercado de trabalho por meio da capacita\u00e7\u00e3o profissional. Alunos recebem aux\u00edlio refei\u00e7\u00e3o, al\u00e9m de material did\u00e1tico e uniforme gratuitos.<\/strong><\/p>\n\n\n\n<p>Jovens de 16 a 21 anos podem se inscrever nas\u00a0vagas\u00a0gratuitas do\u00a0Portal do Futuro, programa de transforma\u00e7\u00e3o social do\u00a0Senac RJ\u00a0que promove orienta\u00e7\u00e3o comportamental e estimula a inser\u00e7\u00e3o no mercado de trabalho por meio de capacita\u00e7\u00e3o profissional. S\u00e3o 234 oportunidades em unidades do Senac RJ na regi\u00e3o metropolitana do Rio de Janeiro e em dois munic\u00edpios do estado.\u00a0Em Petr\u00f3polis,a oferta \u00e9 de\u00a027 vagas\u00a0e os alunos recebem aux\u00edlio refei\u00e7\u00e3o, al\u00e9m de material did\u00e1tico e uniforme gratuitos. As inscri\u00e7\u00f5es devem ser feitas de\u00a017 de mar\u00e7o a 25 de abril de 2025\u00a0pelo site\u00a0https:\/\/portaldofuturo.rj.senac.br\/. No endere\u00e7o tamb\u00e9m podem ser obtidas mais informa\u00e7\u00f5es sobre as turmas.\u00a0\u00a0As aulas t\u00eam previs\u00e3o de in\u00edcio no dia 5 de maio.<\/p>\n\n\n\n<p>Ser\u00e3o oferecidas turmas nas unidades da Barra da Tijuca, Campo Grande, Centro Polit\u00e9cnico, Copacabana, Iraj\u00e1, Madureira, na capital, e nos munic\u00edpios Petr\u00f3polis e Resende.<\/p>\n\n\n\n<p>O&nbsp;<strong>Portal do Futuro<\/strong>&nbsp;atua junto ao jovem para transform\u00e1-lo tanto no conv\u00edvio social quanto prepar\u00e1-lo para a vida profissional. As unidades curriculares abordam as miss\u00f5es do programa: Ser pessoa, Ser cidad\u00e3o, Ser profissional e Ser digital, que t\u00eam por objetivo ampliar a possibilidade de exerc\u00edcio consciente da cidadania. Al\u00e9m disso, o Portal do Futura busca auxiliar o ingresso do jovem no mercado de trabalho com forma\u00e7\u00e3o profissional nas \u00e1reas de Gest\u00e3o, Design, Eventos, Turismo e Hotelaria. Durante o Programa, o jovem tamb\u00e9m experimenta um per\u00edodo de viv\u00eancia em empresas parceiras onde pode conhecer o real cotidiano do mundo do trabalho.&nbsp;&nbsp;&nbsp; &nbsp;<\/p>\n\n\n\n<p>Al\u00e9m da idade entre 16 e 21 anos, \u00e9 preciso cursar pelo menos o 1\u00ba ano do Ensino M\u00e9dio e ter renda familiar de no m\u00e1ximo dois sal\u00e1rios-m\u00ednimos por pessoa, para ser admitido pelo Programa Senac de Gratuidade (PSG). Para o processo seletivo, os candidatos selecionados devem apresentar originais e c\u00f3pias dos seguintes documentos: RG, CPF, comprovante de escolaridade e de resid\u00eancia. Al\u00e9m da documenta\u00e7\u00e3o necess\u00e1ria, menores de 18 anos devem estar acompanhados de um respons\u00e1vel. O Portal do Futuro oferece aos participantes aux\u00edlio-transporte, al\u00e9m de lanche di\u00e1rio, todo material did\u00e1tico e uniforme gratuitos.&nbsp;<\/p>\n\n\n\n<p><strong>Sobre o Senac RJ<\/strong>&nbsp;&nbsp;&nbsp; &nbsp;<\/p>\n\n\n\n<p>H\u00e1 79 anos o Senac RJ atua na profissionaliza\u00e7\u00e3o de m\u00e3o de obra para o setor do Com\u00e9rcio de Bens, Servi\u00e7os e Turismo no Estado do Rio de Janeiro. A institui\u00e7\u00e3o de ensino, que desde janeiro de 2023 \u00e9 signat\u00e1ria do Pacto Global da ONU, investe fortemente em inclus\u00e3o social por meio de capacita\u00e7\u00e3o para o mercado de trabalho e \u00e9 reconhecida como refer\u00eancia na oferta de cursos profissionalizantes. &nbsp;<\/p>\n\n\n\n<p><strong><u>Servi\u00e7o:<\/u><\/strong><\/p>\n\n\n\n<p><strong>Portal do Futuro<\/strong>&nbsp;&nbsp; &nbsp;<\/p>\n\n\n\n<p><strong>Inscri\u00e7\u00f5es: 17\/03 25\/04\/2025<\/strong>&nbsp;pelo site&nbsp;<a href=\"http:\/\/portaldofuturo.rj.senac.br\/\" target=\"_blank\" rel=\"noreferrer noopener\">http:\/\/portaldofuturo.rj.senac.br<\/a>&nbsp;&nbsp; &nbsp;<\/p>\n\n\n\n<p><strong>In\u00edcio das aulas:<\/strong>&nbsp;05\/05\/2025 &nbsp;<\/p>\n\n\n\n<p><em>Foto: Divulga\u00e7\u00e3o Senac RJ<\/em><\/p>\n","protected":false},"excerpt":{"rendered":"<p>Inscri\u00e7\u00f5es para a unidade de Petr\u00f3polis podem ser feitas a partir do dia 17 de<\/p>\n","protected":false},"author":2,"featured_media":100767,"comment_status":"open","ping_status":"open","sticky":false,"template":"","format":"standard","meta":{"footnotes":""},"categories":[12],"tags":[],"class_list":["post-100766","post","type-post","status-publish","format-standard","has-post-thumbnail","hentry","category-cidade"],"_links":{"self":[{"href":"https:\/\/tvc16.com\/portal\/wp-json\/wp\/v2\/posts\/100766","targetHints":{"allow":["GET"]}}],"collection":[{"href":"https:\/\/tvc16.com\/portal\/wp-json\/wp\/v2\/posts"}],"about":[{"href":"https:\/\/tvc16.com\/portal\/wp-json\/wp\/v2\/types\/post"}],"author":[{"embeddable":true,"href":"https:\/\/tvc16.com\/portal\/wp-json\/wp\/v2\/users\/2"}],"replies":[{"embeddable":true,"href":"https:\/\/tvc16.com\/portal\/wp-json\/wp\/v2\/comments?post=100766"}],"version-history":[{"count":1,"href":"https:\/\/tvc16.com\/portal\/wp-json\/wp\/v2\/posts\/100766\/revisions"}],"predecessor-version":[{"id":100768,"href":"https:\/\/tvc16.com\/portal\/wp-json\/wp\/v2\/posts\/100766\/revisions\/100768"}],"wp:featuredmedia":[{"embeddable":true,"href":"https:\/\/tvc16.com\/portal\/wp-json\/wp\/v2\/media\/100767"}],"wp:attachment":[{"href":"https:\/\/tvc16.com\/portal\/wp-json\/wp\/v2\/media?parent=100766"}],"wp:term":[{"taxonomy":"category","embeddable":true,"href":"https:\/\/tvc16.com\/portal\/wp-json\/wp\/v2\/categories?post=100766"},{"taxonomy":"post_tag","embeddable":true,"href":"https:\/\/tvc16.com\/portal\/wp-json\/wp\/v2\/tags?post=100766"}],"curies":[{"name":"wp","href":"https:\/\/api.w.org\/{rel}","templated":true}]}}