{"id":100784,"date":"2025-03-17T07:00:00","date_gmt":"2025-03-17T10:00:00","guid":{"rendered":"https:\/\/tvc16.com\/portal\/?p=100784"},"modified":"2025-03-16T13:54:52","modified_gmt":"2025-03-16T16:54:52","slug":"petropolis-celebra-182-anos-de-historia","status":"publish","type":"post","link":"https:\/\/tvc16.com\/portal\/2025\/03\/17\/petropolis-celebra-182-anos-de-historia\/","title":{"rendered":"Petr\u00f3polis celebra 182 anos de hist\u00f3ria"},"content":{"rendered":"\n<p>Foi com uma grande celebra\u00e7\u00e3o, que Petr\u00f3polis festejou seus 182 anos de funda\u00e7\u00e3o neste domingo, 16 de mar\u00e7o. As comemora\u00e7\u00f5es come\u00e7aram cedo com missa na Catedral S\u00e3o Pedro de Alc\u00e2ntara, homenagens ao imperador Dom Pedro II e ao Major J\u00falio Frederico Koeler e os parab\u00e9ns na Pra\u00e7a Dom Pedro.<\/p>\n\n\n\n<p>&#8220;\u00c9 um momento de uni\u00e3o, de caminharmos juntos e \u00e9 essa mensagem que devemos deixar hoje. Sempre lembrando da nossa hist\u00f3ria e unidos por uma cidade melhor para todos. Agrade\u00e7o tamb\u00e9m a todas as pessoas que fazem essa cidade caminhar e progredir&#8221;, disse o prefeito Hingo Hammes.<\/p>\n\n\n\n<p>A tradicional missa foi celebrada pelo Bispo Dom Joel Portella Amado, concelebrada pelo padre Adenilson Ferreira e assistida pelo di\u00e1cono Permanente Marcos Carvalho. J\u00e1 as homenagens aconteceram nos bustos do Major Koeler, na Pra\u00e7a Princesa Isabel, e Dom Pedro II na pra\u00e7a que recebe seu nome.<\/p>\n\n\n\n<p>O Instituto Hist\u00f3rico de Petr\u00f3polis (IHP) lembrou o sonho do imperador de criar Petr\u00f3polis e a import\u00e2ncia do Major Koeler na realiza\u00e7\u00e3o desse sonho. &#8220;Dia de celebrarmos nossa hist\u00f3ria&#8221;, ressaltou a presidente do IHP, Elisabeth Maller. A banda do 32\u00b0 Batalh\u00e3o de Infantaria Leve de Montanha tocou os hinos do Brasil e de Petr\u00f3polis.<\/p>\n\n\n\n<p>As comemora\u00e7\u00f5es oficiais terminaram com o corte do bolo e parab\u00e9ns pelos 182 anos de Petr\u00f3polis na Pra\u00e7a Dom Pedro II, que contou tamb\u00e9m com a participa\u00e7\u00e3o da Banda Cultura Racional.<\/p>\n\n\n\n<p>Participaram das homenagens autoridades civis e militares, entre elas o deputado estadual S\u00e9rgio Fernandes; o deputado federal Hugo Leal; o vice prefeito Albano Filho Baninho; os vereadores Thiago Damaceno, Alo\u00edsio Barbosa e Marquinhos Almeida; o comandante do 32\u00b0 Batalh\u00e3o de Infantaria Leve de Montanha, tenente coronel Rodrigo Genial e secret\u00e1rios e secret\u00e1rias municipais.<\/p>\n","protected":false},"excerpt":{"rendered":"<p>Foi com uma grande celebra\u00e7\u00e3o, que Petr\u00f3polis festejou seus 182 anos de funda\u00e7\u00e3o neste domingo,<\/p>\n","protected":false},"author":2,"featured_media":100786,"comment_status":"open","ping_status":"open","sticky":false,"template":"","format":"standard","meta":{"footnotes":""},"categories":[12],"tags":[],"class_list":["post-100784","post","type-post","status-publish","format-standard","has-post-thumbnail","hentry","category-cidade"],"_links":{"self":[{"href":"https:\/\/tvc16.com\/portal\/wp-json\/wp\/v2\/posts\/100784","targetHints":{"allow":["GET"]}}],"collection":[{"href":"https:\/\/tvc16.com\/portal\/wp-json\/wp\/v2\/posts"}],"about":[{"href":"https:\/\/tvc16.com\/portal\/wp-json\/wp\/v2\/types\/post"}],"author":[{"embeddable":true,"href":"https:\/\/tvc16.com\/portal\/wp-json\/wp\/v2\/users\/2"}],"replies":[{"embeddable":true,"href":"https:\/\/tvc16.com\/portal\/wp-json\/wp\/v2\/comments?post=100784"}],"version-history":[{"count":1,"href":"https:\/\/tvc16.com\/portal\/wp-json\/wp\/v2\/posts\/100784\/revisions"}],"predecessor-version":[{"id":100785,"href":"https:\/\/tvc16.com\/portal\/wp-json\/wp\/v2\/posts\/100784\/revisions\/100785"}],"wp:featuredmedia":[{"embeddable":true,"href":"https:\/\/tvc16.com\/portal\/wp-json\/wp\/v2\/media\/100786"}],"wp:attachment":[{"href":"https:\/\/tvc16.com\/portal\/wp-json\/wp\/v2\/media?parent=100784"}],"wp:term":[{"taxonomy":"category","embeddable":true,"href":"https:\/\/tvc16.com\/portal\/wp-json\/wp\/v2\/categories?post=100784"},{"taxonomy":"post_tag","embeddable":true,"href":"https:\/\/tvc16.com\/portal\/wp-json\/wp\/v2\/tags?post=100784"}],"curies":[{"name":"wp","href":"https:\/\/api.w.org\/{rel}","templated":true}]}}