{"id":100787,"date":"2025-03-17T08:00:00","date_gmt":"2025-03-17T11:00:00","guid":{"rendered":"https:\/\/tvc16.com\/portal\/?p=100787"},"modified":"2025-03-16T14:03:18","modified_gmt":"2025-03-16T17:03:18","slug":"trio-e-preso-por-trafico-de-drogas-em-regiao-rural-de-nova-friburgo","status":"publish","type":"post","link":"https:\/\/tvc16.com\/portal\/2025\/03\/17\/trio-e-preso-por-trafico-de-drogas-em-regiao-rural-de-nova-friburgo\/","title":{"rendered":"Trio \u00e9 preso por tr\u00e1fico de drogas em regi\u00e3o rural de Nova Friburgo"},"content":{"rendered":"\n<p>Policiais civis da 151\u00aa Delegacia de Pol\u00edcia de Nova Friburgo, em a\u00e7\u00e3o conjunta com a Pol\u00edcia Militar, prenderam tr\u00eas homens em flagrante, neste s\u00e1bado (15), pelo crime de tr\u00e1fico de drogas. O trio foi localizado e capturado no bairro Santa Cruz, Nova Friburgo, Regi\u00e3o Serrana do estado.<\/p>\n\n\n\n<p>De acordo com os agentes, a a\u00e7\u00e3o foi realizada ap\u00f3s den\u00fancia de atividade de tr\u00e1fico de drogas na regi\u00e3o. Os homens confessaram o crime e indicaram onde estavam as drogas. O material foi apreendido e os homens presos em flagrante pelo crime.<\/p>\n","protected":false},"excerpt":{"rendered":"<p>Policiais civis da 151\u00aa Delegacia de Pol\u00edcia de Nova Friburgo, em a\u00e7\u00e3o conjunta com a<\/p>\n","protected":false},"author":2,"featured_media":65140,"comment_status":"open","ping_status":"open","sticky":false,"template":"","format":"standard","meta":{"footnotes":""},"categories":[17],"tags":[],"class_list":["post-100787","post","type-post","status-publish","format-standard","has-post-thumbnail","hentry","category-outras-noticias"],"_links":{"self":[{"href":"https:\/\/tvc16.com\/portal\/wp-json\/wp\/v2\/posts\/100787","targetHints":{"allow":["GET"]}}],"collection":[{"href":"https:\/\/tvc16.com\/portal\/wp-json\/wp\/v2\/posts"}],"about":[{"href":"https:\/\/tvc16.com\/portal\/wp-json\/wp\/v2\/types\/post"}],"author":[{"embeddable":true,"href":"https:\/\/tvc16.com\/portal\/wp-json\/wp\/v2\/users\/2"}],"replies":[{"embeddable":true,"href":"https:\/\/tvc16.com\/portal\/wp-json\/wp\/v2\/comments?post=100787"}],"version-history":[{"count":1,"href":"https:\/\/tvc16.com\/portal\/wp-json\/wp\/v2\/posts\/100787\/revisions"}],"predecessor-version":[{"id":100788,"href":"https:\/\/tvc16.com\/portal\/wp-json\/wp\/v2\/posts\/100787\/revisions\/100788"}],"wp:featuredmedia":[{"embeddable":true,"href":"https:\/\/tvc16.com\/portal\/wp-json\/wp\/v2\/media\/65140"}],"wp:attachment":[{"href":"https:\/\/tvc16.com\/portal\/wp-json\/wp\/v2\/media?parent=100787"}],"wp:term":[{"taxonomy":"category","embeddable":true,"href":"https:\/\/tvc16.com\/portal\/wp-json\/wp\/v2\/categories?post=100787"},{"taxonomy":"post_tag","embeddable":true,"href":"https:\/\/tvc16.com\/portal\/wp-json\/wp\/v2\/tags?post=100787"}],"curies":[{"name":"wp","href":"https:\/\/api.w.org\/{rel}","templated":true}]}}