{"id":100789,"date":"2025-03-16T15:30:00","date_gmt":"2025-03-16T18:30:00","guid":{"rendered":"https:\/\/tvc16.com\/portal\/?p=100789"},"modified":"2025-03-16T14:09:36","modified_gmt":"2025-03-16T17:09:36","slug":"homem-e-preso-por-trafico-de-drogas-e-adolescente-e-apreendido-na-regiao-serrana","status":"publish","type":"post","link":"https:\/\/tvc16.com\/portal\/2025\/03\/16\/homem-e-preso-por-trafico-de-drogas-e-adolescente-e-apreendido-na-regiao-serrana\/","title":{"rendered":"Homem \u00e9 preso por tr\u00e1fico de drogas e adolescente \u00e9 apreendido na Regi\u00e3o Serrana"},"content":{"rendered":"\n<p>Policiais civis da 151\u00aa Delegacia de Pol\u00edcia de Nova Friburgo prenderam um homem, em flagrante, nesta sexta-feira (14), por tr\u00e1fico de drogas. Um adolescente tamb\u00e9m foi apreendido por ato infracional an\u00e1logo ao mesmo crime.<\/p>\n\n\n\n<p>Na primeira ocorr\u00eancia, os policiais prenderam um homem por tr\u00e1fico de drogas, no bairro Catarcione, no munic\u00edpio de Nova Friburgo. Segundo as investiga\u00e7\u00f5es, o homem \u00e9 vendedor de entorpecentes em um ponto de venda de drogas na regi\u00e3o. Em outra a\u00e7\u00e3o, os agentes apreenderam em flagrante um adolescente por ato infracional an\u00e1logo ao crime de tr\u00e1fico de drogas, no bairro Cordeiro, no munic\u00edpio de Nova Friburgo. Com ele, foi apreendido uma grande quantidade de entorpecentes.<\/p>\n","protected":false},"excerpt":{"rendered":"<p>Policiais civis da 151\u00aa Delegacia de Pol\u00edcia de Nova Friburgo prenderam um homem, em flagrante,<\/p>\n","protected":false},"author":2,"featured_media":90041,"comment_status":"open","ping_status":"open","sticky":false,"template":"","format":"standard","meta":{"footnotes":""},"categories":[17],"tags":[],"class_list":["post-100789","post","type-post","status-publish","format-standard","has-post-thumbnail","hentry","category-outras-noticias"],"_links":{"self":[{"href":"https:\/\/tvc16.com\/portal\/wp-json\/wp\/v2\/posts\/100789","targetHints":{"allow":["GET"]}}],"collection":[{"href":"https:\/\/tvc16.com\/portal\/wp-json\/wp\/v2\/posts"}],"about":[{"href":"https:\/\/tvc16.com\/portal\/wp-json\/wp\/v2\/types\/post"}],"author":[{"embeddable":true,"href":"https:\/\/tvc16.com\/portal\/wp-json\/wp\/v2\/users\/2"}],"replies":[{"embeddable":true,"href":"https:\/\/tvc16.com\/portal\/wp-json\/wp\/v2\/comments?post=100789"}],"version-history":[{"count":1,"href":"https:\/\/tvc16.com\/portal\/wp-json\/wp\/v2\/posts\/100789\/revisions"}],"predecessor-version":[{"id":100790,"href":"https:\/\/tvc16.com\/portal\/wp-json\/wp\/v2\/posts\/100789\/revisions\/100790"}],"wp:featuredmedia":[{"embeddable":true,"href":"https:\/\/tvc16.com\/portal\/wp-json\/wp\/v2\/media\/90041"}],"wp:attachment":[{"href":"https:\/\/tvc16.com\/portal\/wp-json\/wp\/v2\/media?parent=100789"}],"wp:term":[{"taxonomy":"category","embeddable":true,"href":"https:\/\/tvc16.com\/portal\/wp-json\/wp\/v2\/categories?post=100789"},{"taxonomy":"post_tag","embeddable":true,"href":"https:\/\/tvc16.com\/portal\/wp-json\/wp\/v2\/tags?post=100789"}],"curies":[{"name":"wp","href":"https:\/\/api.w.org\/{rel}","templated":true}]}}