{"id":1008,"date":"2020-09-23T12:04:51","date_gmt":"2020-09-23T12:04:51","guid":{"rendered":"https:\/\/tvc16.com\/portal\/?p=1008"},"modified":"2020-09-23T12:05:13","modified_gmt":"2020-09-23T12:05:13","slug":"alerj-vota-o-impeachment-de-witzel-hoje-nesta-quarta-feira","status":"publish","type":"post","link":"https:\/\/tvc16.com\/portal\/2020\/09\/23\/alerj-vota-o-impeachment-de-witzel-hoje-nesta-quarta-feira\/","title":{"rendered":"ALERJ vota o impeachment de Witzel nesta quarta-feira"},"content":{"rendered":"\n<p><strong>Caso aprovada, den\u00fancia seguir\u00e1 para o TJRJ, que dar\u00e1 in\u00edcio \u00e0 nova etapa do processo<\/strong><\/p>\n\n\n\n<p>A Assembleia Legislativa do Estado do Rio de Janeiro (Alerj) vota nesta quarta-feira (23), em sess\u00e3o ordin\u00e1ria a partir das 15h, o Projeto de Resolu\u00e7\u00e3o 433\/2020, que autoriza o prosseguimento do processo de impeachment do governador Wilson Witzel. A proposta \u00e9 baseada no parecer do relator, deputado Rodrigo Bacellar (SDD), aprovado pela Comiss\u00e3o Especial da Alerj sobre o tema na \u00faltima quinta-feira (17\/09). A sess\u00e3o ser\u00e1 semipresencial, com deputados participando de forma on-line ou presencialmente no Plen\u00e1rio Barbosa Lima Sobrinho.<\/p>\n\n\n\n<p>Caso dois ter\u00e7os dos parlamentares &#8211; o equivalente a 47 deputados &#8211; votem favor\u00e1veis ao impeachment, a den\u00fancia ser\u00e1 encaminhada ao Tribunal de Justi\u00e7a do Estado do Rio (TJRJ), que formar\u00e1 um tribunal misto de julgamento &#8211; composto por cinco deputados e cinco desembargadores &#8211; e definir\u00e1 os ritos finais do processo com base na Lei Federal 1.079\/50. Witzel ser\u00e1 afastado por 180 dias ap\u00f3s&nbsp;a den\u00fancia ser recebida pelo tribunal misto de julgamento.<\/p>\n\n\n\n<p><strong>Din\u00e2mica da sess\u00e3o<\/strong><\/p>\n\n\n\n<p>O presidente, deputado Andr\u00e9 Ceciliano (PT), abre a sess\u00e3o e d\u00e1 a palavra a cada um dos 25 partidos, que ter\u00e3o at\u00e9 uma hora para debater o tema. Ao fim das discuss\u00f5es, o governador e a defesa poder\u00e3o falar por at\u00e9 uma hora. Em seguida, inicia-se a vota\u00e7\u00e3o aberta, conforme determina o STF.<\/p>\n\n\n\n<p>Texto: Comunica\u00e7\u00e3o Social\/ Alerj<\/p>\n\n\n\n<p><\/p>\n","protected":false},"excerpt":{"rendered":"<p>Caso aprovada, den\u00fancia seguir\u00e1 para o TJRJ, que dar\u00e1 in\u00edcio \u00e0 nova etapa do processo<\/p>\n","protected":false},"author":2,"featured_media":1009,"comment_status":"open","ping_status":"open","sticky":false,"template":"","format":"standard","meta":{"footnotes":""},"categories":[15],"tags":[],"class_list":["post-1008","post","type-post","status-publish","format-standard","has-post-thumbnail","hentry","category-politica"],"_links":{"self":[{"href":"https:\/\/tvc16.com\/portal\/wp-json\/wp\/v2\/posts\/1008","targetHints":{"allow":["GET"]}}],"collection":[{"href":"https:\/\/tvc16.com\/portal\/wp-json\/wp\/v2\/posts"}],"about":[{"href":"https:\/\/tvc16.com\/portal\/wp-json\/wp\/v2\/types\/post"}],"author":[{"embeddable":true,"href":"https:\/\/tvc16.com\/portal\/wp-json\/wp\/v2\/users\/2"}],"replies":[{"embeddable":true,"href":"https:\/\/tvc16.com\/portal\/wp-json\/wp\/v2\/comments?post=1008"}],"version-history":[{"count":2,"href":"https:\/\/tvc16.com\/portal\/wp-json\/wp\/v2\/posts\/1008\/revisions"}],"predecessor-version":[{"id":1011,"href":"https:\/\/tvc16.com\/portal\/wp-json\/wp\/v2\/posts\/1008\/revisions\/1011"}],"wp:featuredmedia":[{"embeddable":true,"href":"https:\/\/tvc16.com\/portal\/wp-json\/wp\/v2\/media\/1009"}],"wp:attachment":[{"href":"https:\/\/tvc16.com\/portal\/wp-json\/wp\/v2\/media?parent=1008"}],"wp:term":[{"taxonomy":"category","embeddable":true,"href":"https:\/\/tvc16.com\/portal\/wp-json\/wp\/v2\/categories?post=1008"},{"taxonomy":"post_tag","embeddable":true,"href":"https:\/\/tvc16.com\/portal\/wp-json\/wp\/v2\/tags?post=1008"}],"curies":[{"name":"wp","href":"https:\/\/api.w.org\/{rel}","templated":true}]}}