{"id":100802,"date":"2025-03-17T09:00:00","date_gmt":"2025-03-17T12:00:00","guid":{"rendered":"https:\/\/tvc16.com\/portal\/?p=100802"},"modified":"2025-03-16T15:08:14","modified_gmt":"2025-03-16T18:08:14","slug":"mes-da-mulher-prefeitura-promove-dia-d-no-centro-de-saude-e-no-alcides-carneiro","status":"publish","type":"post","link":"https:\/\/tvc16.com\/portal\/2025\/03\/17\/mes-da-mulher-prefeitura-promove-dia-d-no-centro-de-saude-e-no-alcides-carneiro\/","title":{"rendered":"M\u00eas da Mulher: Prefeitura promove Dia D no Centro de Sa\u00fade e no Alcides Carneiro"},"content":{"rendered":"\n<p>Exames de preventivo e mamografia, palestras e a\u00e7\u00f5es de cuidado fizeram parte do Dia D da Sa\u00fade dentro da programa\u00e7\u00e3o do M\u00eas da Mulher, promovido pela Prefeitura de Petr\u00f3polis. O Dia D aconteceu neste s\u00e1bado (15).<\/p>\n\n\n\n<p>O ambulat\u00f3rio do Hospital Alcides Carneiro, em Corr\u00eaas, abriu 60 vagas para consulta de enfermagem com coleta de preventivo, o exame \u201cPapanicolau\u201d.<\/p>\n\n\n\n<p>&#8220;Esse \u00e9 um m\u00eas especial onde estamos oferecendo a\u00e7\u00f5es de cuidado e de sa\u00fade nas nossas unidades que abriram as portas neste Dia D para uma programa\u00e7\u00e3o t\u00e3o importante&#8221;, disse o prefeito de Petr\u00f3polis, Hingo Hammes.<\/p>\n\n\n\n<p>J\u00e1 no Centro de Sa\u00fade Coletiva Professor Manoel Jos\u00e9 Ferreira, no centro da cidade, foram 80 vagas para consulta de enfermagem com coleta de preventivo, al\u00e9m de inser\u00e7\u00e3o de DIU, mamografias, ultrassonografias, testagem r\u00e1pida para Infec\u00e7\u00f5es Sexualmente Transmiss\u00edvel (ISTs) e palestras.<\/p>\n\n\n\n<p>&#8220;Ao longo do m\u00eas de mar\u00e7o, as unidades de sa\u00fade tamb\u00e9m v\u00e3o estar oferecendo servi\u00e7os com consultas e exames voltados para a sa\u00fade da mulher\u201d, ressaltou o secret\u00e1rio Municipal de Sa\u00fade, Lu\u00eds Cruzick.<\/p>\n\n\n\n<p>Confira o calend\u00e1rio e saiba quando a a\u00e7\u00e3o acontecer\u00e1 no seu bairro:<\/p>\n\n\n\n<p>\u2022 Dia 17\/03 &#8211; PSF Vila Felipe<br>\u2022 Dia 20\/03 &#8211; UBS Pedro do Rio e PSF Vila Rica<br>\u2022 Dia 21\/03 &#8211; PSF Estrada da Saudade II<br>\u2022 Dia 22\/03 &#8211; PSF Amazonas, ESF Vale do Carangola, PSF Lajinha, ESF Brejal, PSF Jardim Salvador, PSF Meio da Serra, PSF Castelo S\u00e3o Manoel<br>\u2022 Dia 27\/03 &#8211; PSF Vicenzo Rivetti<br>\u2022 Dia 29\/03 &#8211; PSF Posse III, PSF S\u00e3o Sebasti\u00e3o e ESF 1\u00b0 de Maio<\/p>\n","protected":false},"excerpt":{"rendered":"<p>Exames de preventivo e mamografia, palestras e a\u00e7\u00f5es de cuidado fizeram parte do Dia D<\/p>\n","protected":false},"author":2,"featured_media":100803,"comment_status":"open","ping_status":"open","sticky":false,"template":"","format":"standard","meta":{"footnotes":""},"categories":[12],"tags":[],"class_list":["post-100802","post","type-post","status-publish","format-standard","has-post-thumbnail","hentry","category-cidade"],"_links":{"self":[{"href":"https:\/\/tvc16.com\/portal\/wp-json\/wp\/v2\/posts\/100802","targetHints":{"allow":["GET"]}}],"collection":[{"href":"https:\/\/tvc16.com\/portal\/wp-json\/wp\/v2\/posts"}],"about":[{"href":"https:\/\/tvc16.com\/portal\/wp-json\/wp\/v2\/types\/post"}],"author":[{"embeddable":true,"href":"https:\/\/tvc16.com\/portal\/wp-json\/wp\/v2\/users\/2"}],"replies":[{"embeddable":true,"href":"https:\/\/tvc16.com\/portal\/wp-json\/wp\/v2\/comments?post=100802"}],"version-history":[{"count":1,"href":"https:\/\/tvc16.com\/portal\/wp-json\/wp\/v2\/posts\/100802\/revisions"}],"predecessor-version":[{"id":100804,"href":"https:\/\/tvc16.com\/portal\/wp-json\/wp\/v2\/posts\/100802\/revisions\/100804"}],"wp:featuredmedia":[{"embeddable":true,"href":"https:\/\/tvc16.com\/portal\/wp-json\/wp\/v2\/media\/100803"}],"wp:attachment":[{"href":"https:\/\/tvc16.com\/portal\/wp-json\/wp\/v2\/media?parent=100802"}],"wp:term":[{"taxonomy":"category","embeddable":true,"href":"https:\/\/tvc16.com\/portal\/wp-json\/wp\/v2\/categories?post=100802"},{"taxonomy":"post_tag","embeddable":true,"href":"https:\/\/tvc16.com\/portal\/wp-json\/wp\/v2\/tags?post=100802"}],"curies":[{"name":"wp","href":"https:\/\/api.w.org\/{rel}","templated":true}]}}