{"id":100805,"date":"2025-03-17T09:00:00","date_gmt":"2025-03-17T12:00:00","guid":{"rendered":"https:\/\/tvc16.com\/portal\/?p=100805"},"modified":"2025-03-16T15:16:38","modified_gmt":"2025-03-16T18:16:38","slug":"rio-recebe-cupula-das-americas-de-harvard","status":"publish","type":"post","link":"https:\/\/tvc16.com\/portal\/2025\/03\/17\/rio-recebe-cupula-das-americas-de-harvard\/","title":{"rendered":"Rio recebe C\u00fapula das Am\u00e9ricas de Harvard"},"content":{"rendered":"\n<p>O Rio de Janeiro recebeu neste s\u00e1bado, 15, a C\u00fapula das Am\u00e9ricas, maior f\u00f3rum sobre democracia para estudantes de ensino m\u00e9dio da Am\u00e9rica Latina. O encontro \u00e9 organizado pela HACIA Democracy, uma organiza\u00e7\u00e3o estudantil da Universidade de Harvard, criada para oferecer uma experi\u00eancia educacional focada em quest\u00f5es regionais nas Am\u00e9ricas. O encontro vai at\u00e9 o dia 18 de mar\u00e7o. A ministra do Supremo Tribunal Federal, C\u00e1rmen L\u00facia, \u00e9 uma das convidadas do evento, assim como o secret\u00e1rio municipal de Educa\u00e7\u00e3o do Rio e deputado federal licenciado, Renan Ferreirinha, que j\u00e1 foi um dos organizadores da HACIA. Ele fez parte do grupo enquanto estudou em Harvard, entre os anos de 2013 e 2017.<\/p>\n\n\n\n<p><br>&#8220;\u00c9 uma honra para o Rio de Janeiro receber um evento t\u00e3o significativo como a C\u00fapula das Am\u00e9ricas da HACIA. Incentivar a forma\u00e7\u00e3o cidad\u00e3 \u00e9 fundamental para construir um futuro mais justo e participativo. A organiza\u00e7\u00e3o HACIA Democracy proporciona uma oportunidade \u00fanica para que esses jovens exercitem o pensamento cr\u00edtico e a lideran\u00e7a, contribuindo para um mundo mais democr\u00e1tico e inclusivo&#8221;, afirmou o secret\u00e1rio Renan Ferreirinha.<\/p>\n\n\n\n<p>A HACIA Democracy \u00e9 uma organiza\u00e7\u00e3o totalmente administrada por estudantes de gradua\u00e7\u00e3o de Harvard, e hoje tem uma presidente brasileira, Sarah Borges. Al\u00e9m disso, a HACIA conta com professores de Harvard como orientadores acad\u00eamicos, que possuem um interesse acad\u00eamico no continente latino-americano. Entre eles, Steven Levitsky, autor do best-seller &#8220;Como as Democracias Morrem&#8221;. A equipe da organiza\u00e7\u00e3o \u00e9 composta por membros de diversas forma\u00e7\u00f5es intelectuais e culturais, unidos por um interesse comum na Am\u00e9rica Latina e nas rela\u00e7\u00f5es internacionais. Pela primeira vez em 30 anos, a C\u00fapula ser\u00e1 sediada no Brasil, entre os dias 15 e 18 de mar\u00e7o, com cerca de 450 estudantes do ensino m\u00e9dio de diversos pa\u00edses da regi\u00e3o para debater temas de grande relev\u00e2ncia sociopol\u00edtica.<\/p>\n\n\n\n<p>\u201cComo brasileira e co-presidente da HACIA, \u00e9 uma grande alegria sediar esta hist\u00f3rica edi\u00e7\u00e3o no Rio de Janeiro, com o apoio de l\u00edderes comprometidos com a educa\u00e7\u00e3o como o Ferreirinha. A HACIA re\u00fane estudantes de toda a Am\u00e9rica Latina para debater solu\u00e7\u00f5es para os desafios da nossa regi\u00e3o. A troca de ideias entre diferentes culturas e perspectivas \u00e9 o que torna essa experi\u00eancia t\u00e3o \u00fanica e transformadora\u201d, conta Sarah Borges, co-presidente da HACIA.<br>\u00a0<\/p>\n\n\n\n<p>Foto: Alan Costa \/ SME &#8211; Rio<\/p>\n","protected":false},"excerpt":{"rendered":"<p>O Rio de Janeiro recebeu neste s\u00e1bado, 15, a C\u00fapula das Am\u00e9ricas, maior f\u00f3rum sobre<\/p>\n","protected":false},"author":2,"featured_media":100806,"comment_status":"open","ping_status":"open","sticky":false,"template":"","format":"standard","meta":{"footnotes":""},"categories":[17],"tags":[],"class_list":["post-100805","post","type-post","status-publish","format-standard","has-post-thumbnail","hentry","category-outras-noticias"],"_links":{"self":[{"href":"https:\/\/tvc16.com\/portal\/wp-json\/wp\/v2\/posts\/100805","targetHints":{"allow":["GET"]}}],"collection":[{"href":"https:\/\/tvc16.com\/portal\/wp-json\/wp\/v2\/posts"}],"about":[{"href":"https:\/\/tvc16.com\/portal\/wp-json\/wp\/v2\/types\/post"}],"author":[{"embeddable":true,"href":"https:\/\/tvc16.com\/portal\/wp-json\/wp\/v2\/users\/2"}],"replies":[{"embeddable":true,"href":"https:\/\/tvc16.com\/portal\/wp-json\/wp\/v2\/comments?post=100805"}],"version-history":[{"count":1,"href":"https:\/\/tvc16.com\/portal\/wp-json\/wp\/v2\/posts\/100805\/revisions"}],"predecessor-version":[{"id":100807,"href":"https:\/\/tvc16.com\/portal\/wp-json\/wp\/v2\/posts\/100805\/revisions\/100807"}],"wp:featuredmedia":[{"embeddable":true,"href":"https:\/\/tvc16.com\/portal\/wp-json\/wp\/v2\/media\/100806"}],"wp:attachment":[{"href":"https:\/\/tvc16.com\/portal\/wp-json\/wp\/v2\/media?parent=100805"}],"wp:term":[{"taxonomy":"category","embeddable":true,"href":"https:\/\/tvc16.com\/portal\/wp-json\/wp\/v2\/categories?post=100805"},{"taxonomy":"post_tag","embeddable":true,"href":"https:\/\/tvc16.com\/portal\/wp-json\/wp\/v2\/tags?post=100805"}],"curies":[{"name":"wp","href":"https:\/\/api.w.org\/{rel}","templated":true}]}}