{"id":100808,"date":"2025-03-17T09:00:00","date_gmt":"2025-03-17T12:00:00","guid":{"rendered":"https:\/\/tvc16.com\/portal\/?p=100808"},"modified":"2025-03-16T15:20:58","modified_gmt":"2025-03-16T18:20:58","slug":"deputado-federal-pazuello-apresenta-conjunto-de-projetos-de-lei-para-melhorar-a-seguranca-publica-em-palestra-em-petropolis","status":"publish","type":"post","link":"https:\/\/tvc16.com\/portal\/2025\/03\/17\/deputado-federal-pazuello-apresenta-conjunto-de-projetos-de-lei-para-melhorar-a-seguranca-publica-em-palestra-em-petropolis\/","title":{"rendered":"Deputado federal Pazuello apresenta conjunto de projetos de lei para melhorar a seguran\u00e7a p\u00fablica em palestra em Petr\u00f3polis"},"content":{"rendered":"\n<p>A C\u00e2mara de Dirigentes Lojistas (CDL) de Petr\u00f3polis e a Ag\u00eancia de Desenvolvimento do MercoSerra receber\u00e3o o deputado federal general Eduardo Pazuello para uma palestra dia 21, \u00e0s 10h, &nbsp;abordando temas cruciais relacionados \u00e0 seguran\u00e7a p\u00fablica e \u00e0 ordem urbana. O encontro vai abordar tamb\u00e9m a import\u00e2ncia do engajamento da sociedade e do empresariado na promo\u00e7\u00e3o de uma cultura de seguran\u00e7a e responsabilidade compartilhada. A palestra ser\u00e1 realizada na Locanda Centro Hist\u00f3rico (Avenida Ipiranga, 439). &nbsp;As vagas s\u00e3o limitadas e as inscri\u00e7\u00f5es devem ser feitas pelo Whatsapp (24) 99280-1310.<\/p>\n\n\n\n<p>\u201cO evento ser\u00e1 uma excelente oportunidade para os empres\u00e1rios locais entenderem como essas iniciativas podem impactar positivamente seus neg\u00f3cios e a comunidade\u201d, afirma o presidente da CDL Petr\u00f3polis, Cl\u00e1udio Mohammad, ressaltando a posi\u00e7\u00e3o de Petr\u00f3polis como cidade mais segura do Estado entre munic\u00edpios com mais de 100 mil habitantes. \u201c\u00c9 uma coloca\u00e7\u00e3o que precisa ser mantida. Mesmo neste patamar, h\u00e1 sempre o que melhorar aumentando a qualidade de vida\u201d, completa.<\/p>\n\n\n\n<p>Pazuello, coordenador do Grupo de Estudos de Seguran\u00e7a P\u00fablica do Rio de Janeiro (GESP\/RJ), traz consigo a experi\u00eancia e o conhecimento adquiridos ao longo de sua carreira militar e pol\u00edtica. Ele discutir\u00e1 os 25 projetos de lei defendidos pelo GESP\/RJ, que abrangem propostas nas esferas federal, estadual e municipal. &nbsp;O grupo foi formado ap\u00f3s um semin\u00e1rio sobre Seguran\u00e7a P\u00fablica realizado na Alerj em agosto de 2023, reunindo especialistas e representantes dos governos federal, estadual e municipal. Desde ent\u00e3o, o GESP tem se reunido regularmente para alcan\u00e7ar os resultados atuais.<\/p>\n\n\n\n<p>\u201c\u00c9 um momento muito propicio para realiza\u00e7\u00e3o deste f\u00f3rum, uma vez que a legisla\u00e7\u00e3o vigente est\u00e1 defasada e \u00e9 urgente sua atualiza\u00e7\u00e3o. O Brasil necessita voltar a privilegiar a classe empresarial, que tanto trabalha e gera emprego e renda, mas se sente amedrontada e prejudicada pela marginalidade crescente que assola o pa\u00eds\u201d, aponta Luiz Fernando Gomes, presidente do MercoSerra.<\/p>\n\n\n\n<p>Entre os destaques &nbsp;que ser\u00e3o apresentados por Pazuello est\u00e3o 16 projetos no \u00e2mbito federal, sete no estadual e dois no municipal, todos voltados para corrigir lacunas na legisla\u00e7\u00e3o penal atual, buscando mais efici\u00eancia na preven\u00e7\u00e3o e repress\u00e3o ao crime. Essas iniciativas visam, em \u00faltima inst\u00e2ncia, garantir uma resposta mais r\u00e1pida e justa \u00e0s v\u00edtimas, al\u00e9m de fortalecer a seguran\u00e7a nos centros comerciais. Esses projetos t\u00eam como objetivo principal o aprimoramento da legisla\u00e7\u00e3o penal para combater a viol\u00eancia urbana e a impunidade, promovendo uma justi\u00e7a mais r\u00e1pida e eficiente. Entre as propostas apresentadas est\u00e3o novas medidas para as sa\u00eddas tempor\u00e1rias de presos, crit\u00e9rios claros para a redu\u00e7\u00e3o de penas, colabora\u00e7\u00e3o com o sistema privado de seguran\u00e7a e aprimoramento do crime de resist\u00eancia.<\/p>\n\n\n\n<p>A presen\u00e7a de General Pazuello com os empres\u00e1rios de Petr\u00f3polis refor\u00e7a o compromisso do GESP\/RJ em fomentar um di\u00e1logo aberto e colaborativo com diversos agentes da sociedade, buscando solu\u00e7\u00f5es duradouras para os desafios da seguran\u00e7a p\u00fablica.<\/p>\n\n\n\n<p>\u201cSomente por meio do envolvimento de todos os setores da sociedade, conseguiremos desenvolver estrat\u00e9gias eficazes e duradouras para combater a criminalidade e fortalecer a ordem urbana. Acreditamos que a uni\u00e3o de esfor\u00e7os entre o GESP\/RJ, os empres\u00e1rios e a sociedade civil ser\u00e1 fundamental para construir um ambiente mais seguro e pr\u00f3spero para todos\u201d, afirma Cl\u00e1udio Mohammad.&nbsp;<\/p>\n","protected":false},"excerpt":{"rendered":"<p>A C\u00e2mara de Dirigentes Lojistas (CDL) de Petr\u00f3polis e a Ag\u00eancia de Desenvolvimento do MercoSerra<\/p>\n","protected":false},"author":2,"featured_media":100809,"comment_status":"open","ping_status":"open","sticky":false,"template":"","format":"standard","meta":{"footnotes":""},"categories":[12],"tags":[],"class_list":["post-100808","post","type-post","status-publish","format-standard","has-post-thumbnail","hentry","category-cidade"],"_links":{"self":[{"href":"https:\/\/tvc16.com\/portal\/wp-json\/wp\/v2\/posts\/100808","targetHints":{"allow":["GET"]}}],"collection":[{"href":"https:\/\/tvc16.com\/portal\/wp-json\/wp\/v2\/posts"}],"about":[{"href":"https:\/\/tvc16.com\/portal\/wp-json\/wp\/v2\/types\/post"}],"author":[{"embeddable":true,"href":"https:\/\/tvc16.com\/portal\/wp-json\/wp\/v2\/users\/2"}],"replies":[{"embeddable":true,"href":"https:\/\/tvc16.com\/portal\/wp-json\/wp\/v2\/comments?post=100808"}],"version-history":[{"count":1,"href":"https:\/\/tvc16.com\/portal\/wp-json\/wp\/v2\/posts\/100808\/revisions"}],"predecessor-version":[{"id":100810,"href":"https:\/\/tvc16.com\/portal\/wp-json\/wp\/v2\/posts\/100808\/revisions\/100810"}],"wp:featuredmedia":[{"embeddable":true,"href":"https:\/\/tvc16.com\/portal\/wp-json\/wp\/v2\/media\/100809"}],"wp:attachment":[{"href":"https:\/\/tvc16.com\/portal\/wp-json\/wp\/v2\/media?parent=100808"}],"wp:term":[{"taxonomy":"category","embeddable":true,"href":"https:\/\/tvc16.com\/portal\/wp-json\/wp\/v2\/categories?post=100808"},{"taxonomy":"post_tag","embeddable":true,"href":"https:\/\/tvc16.com\/portal\/wp-json\/wp\/v2\/tags?post=100808"}],"curies":[{"name":"wp","href":"https:\/\/api.w.org\/{rel}","templated":true}]}}