{"id":100815,"date":"2025-03-17T10:20:11","date_gmt":"2025-03-17T13:20:11","guid":{"rendered":"https:\/\/tvc16.com\/portal\/?p=100815"},"modified":"2025-03-17T10:20:30","modified_gmt":"2025-03-17T13:20:30","slug":"prefeitura-e-clube-29-de-junho-elegem-realeza-da-bauernfest","status":"publish","type":"post","link":"https:\/\/tvc16.com\/portal\/2025\/03\/17\/prefeitura-e-clube-29-de-junho-elegem-realeza-da-bauernfest\/","title":{"rendered":"Prefeitura e Clube 29 de Junho elegem realeza da Bauernfest"},"content":{"rendered":"\n<p>T\u00e2nia Leonardis Mello, Manoela Borr\u00e9 e Eduarda Spangenberg foram eleitas rainha e princesas da Bauernfest 2025. A elei\u00e7\u00e3o aconteceu neste domingo, 16 de mar\u00e7o, fazendo parte das comemora\u00e7\u00f5es dos 182 anos de Petr\u00f3polis e aos 180 anos da imigra\u00e7\u00e3o alem\u00e3 na cidade.<\/p>\n\n\n\n<p>O Pal\u00e1cio de Cristal foi o palco da festa, onde, ap\u00f3s a elei\u00e7\u00e3o, aconteceu um bail\u00e3o da realeza e a contagem regressiva para mais uma edi\u00e7\u00e3o da Bauernfest, que acontece em junho.<\/p>\n\n\n\n<p>&#8220;Foi iniciativa nossa retomar o prest\u00edgio da elei\u00e7\u00e3o da realeza da Bauernfest e por isso trouxemos para o anivers\u00e1rio da cidade e tamb\u00e9m para lembrar os 180 anos de migra\u00e7\u00e3o alem\u00e3 na cidade. Nunca esquecer do passado, viver o presente e tornar o futuro melhor&#8221;, disse o prefeito Hingo Hammes.<\/p>\n\n\n\n<p>Ao todo, sete candidatas concorreram. Elas desfilaram com trajes tradicionais e tamb\u00e9m tiveram que apresentar conhecimento sobre a cultura e tradi\u00e7\u00e3o alem\u00e3es.<\/p>\n\n\n\n<p>O presidente do Clube 29 de Junho, M\u00e1rcio Haubrich falou da import\u00e2ncia do concurso para a promo\u00e7\u00e3o da Bauernfest. &#8220;\u00c9 uma alegria estarmos aqui hoje, fazendo essa elei\u00e7\u00e3o que \u00e9 t\u00e3o importante para nossa cidade&#8221;, ressaltou.<\/p>\n\n\n\n<p>O presidente do Instituto Municipal de Cultura (IMC), Adenilson Honorato, lembrou que a cultura traz desenvolvimento social para uma cidade. &#8220;\u00c9 o pertencimento e valoriza\u00e7\u00e3o do nosso patrim\u00f4nio, que \u00e9 a cultura da nossa cidade&#8221;, destacou Adenilson.<\/p>\n\n\n\n<p>O secret\u00e1rio de Turismo, Pablo Kling destacou a data emblem\u00e1tica para a elei\u00e7\u00e3o da realeza. &#8220;Fazer essa elei\u00e7\u00e3o no anivers\u00e1rio da nossa cidade refor\u00e7a a import\u00e2ncia da festa e da valoriza\u00e7\u00e3o da nossa hist\u00f3ria e cultura &#8220;, frisou o secret\u00e1rio.<\/p>\n\n\n\n<p>Fizeram parte da comiss\u00e3o julgadora da realeza da Bauernfest: a advogada Juliana Barreto, hair stylist Degiany Mendon\u00e7a; a presidente da Casa D&#8217;It\u00e1lia Anita Garibaldi, Gra\u00e7a Vescovini; a presidente da Comdep, Fernanda Ferreira; turism\u00f3loga Gisele Goulart; a funcionar\u00e1 p\u00fablica Angela Pothin; o empres\u00e1rio Roman Von Dubniyz, a empres\u00e1ria Sandra Madeira e a consultora de turismo, Mar\u00edlia Mills.<\/p>\n\n\n\n<p>&#8220;Estou muito feliz e emocionada de ser eleita a rainha e convido a todos para a Bauernfest 2025, vai ser uma honra representar a festa ao lado dessas princesas&#8221;, disse emocionada a rainha T\u00e2nia Leonardis Mello. &#8220;Venham dan\u00e7ar com a gente, comer salsich\u00e3o e valorizar nossa cultura&#8221;, convidaram as duas princesas Manoela Borr\u00e9 e Eduarda Spangenberg.<\/p>\n\n\n\n<p>A rainha e princesas ganharam cursos de alem\u00e3o do Instituto Autobahn, hospedagem na rede Kastel Hotel em B\u00fazios com acompanhante, cortesias do restaurante alem\u00e3o da Fam\u00edlia Scharder, trajes do Clube 29 de Junho e 10 mil Reais em esp\u00e9cie.<\/p>\n","protected":false},"excerpt":{"rendered":"<p>T\u00e2nia Leonardis Mello, Manoela Borr\u00e9 e Eduarda Spangenberg foram eleitas rainha e princesas da Bauernfest<\/p>\n","protected":false},"author":2,"featured_media":100816,"comment_status":"open","ping_status":"open","sticky":false,"template":"","format":"standard","meta":{"footnotes":""},"categories":[12],"tags":[],"class_list":["post-100815","post","type-post","status-publish","format-standard","has-post-thumbnail","hentry","category-cidade"],"_links":{"self":[{"href":"https:\/\/tvc16.com\/portal\/wp-json\/wp\/v2\/posts\/100815","targetHints":{"allow":["GET"]}}],"collection":[{"href":"https:\/\/tvc16.com\/portal\/wp-json\/wp\/v2\/posts"}],"about":[{"href":"https:\/\/tvc16.com\/portal\/wp-json\/wp\/v2\/types\/post"}],"author":[{"embeddable":true,"href":"https:\/\/tvc16.com\/portal\/wp-json\/wp\/v2\/users\/2"}],"replies":[{"embeddable":true,"href":"https:\/\/tvc16.com\/portal\/wp-json\/wp\/v2\/comments?post=100815"}],"version-history":[{"count":1,"href":"https:\/\/tvc16.com\/portal\/wp-json\/wp\/v2\/posts\/100815\/revisions"}],"predecessor-version":[{"id":100817,"href":"https:\/\/tvc16.com\/portal\/wp-json\/wp\/v2\/posts\/100815\/revisions\/100817"}],"wp:featuredmedia":[{"embeddable":true,"href":"https:\/\/tvc16.com\/portal\/wp-json\/wp\/v2\/media\/100816"}],"wp:attachment":[{"href":"https:\/\/tvc16.com\/portal\/wp-json\/wp\/v2\/media?parent=100815"}],"wp:term":[{"taxonomy":"category","embeddable":true,"href":"https:\/\/tvc16.com\/portal\/wp-json\/wp\/v2\/categories?post=100815"},{"taxonomy":"post_tag","embeddable":true,"href":"https:\/\/tvc16.com\/portal\/wp-json\/wp\/v2\/tags?post=100815"}],"curies":[{"name":"wp","href":"https:\/\/api.w.org\/{rel}","templated":true}]}}