{"id":100830,"date":"2025-03-17T11:34:22","date_gmt":"2025-03-17T14:34:22","guid":{"rendered":"https:\/\/tvc16.com\/portal\/?p=100830"},"modified":"2025-03-17T11:34:26","modified_gmt":"2025-03-17T14:34:26","slug":"rio-amplia-para-18-anos-faixa-etaria-para-vacinacao-da-dengue","status":"publish","type":"post","link":"https:\/\/tvc16.com\/portal\/2025\/03\/17\/rio-amplia-para-18-anos-faixa-etaria-para-vacinacao-da-dengue\/","title":{"rendered":"Rio amplia para 18 anos faixa et\u00e1ria para vacina\u00e7\u00e3o da dengue"},"content":{"rendered":"\n<p><em>Medida vale at\u00e9 26 de mar\u00e7o<\/em><\/p>\n\n\n\n<p>Por Douglas Corr\u00eaa &#8211; Rep\u00f3rter da Ag\u00eancia Brasil \/ Foto: Paulo Pinto\/Ag\u00eancia Brasil<\/p>\n\n\n\n<p><\/p>\n\n\n\n<p>A Secretaria Municipal de Sa\u00fade (SMS) do Rio de Janeiro ampliou o p\u00fablico-alvo da vacina\u00e7\u00e3o contra a dengue para adolescentes de 17 a 18 anos. A medida vale at\u00e9 o dia 26 de mar\u00e7o.&nbsp;<strong>A finalidade \u00e9 aproveitar 50 mil doses remanescentes entre o grupo priorit\u00e1rio&nbsp;neste&nbsp;momento<\/strong>. A vacina tamb\u00e9m est\u00e1 dispon\u00edvel para crian\u00e7as e adolescentes de 10 a 16 anos que ainda n\u00e3o se vacinaram.<img decoding=\"async\" src=\"https:\/\/agenciabrasil.ebc.com.br\/ebc.png?id=1634778&amp;o=node\"><img decoding=\"async\" src=\"https:\/\/agenciabrasil.ebc.com.br\/ebc.gif?id=1634778&amp;o=node\"><\/p>\n\n\n\n<p>De acordo com o secret\u00e1rio municipal de Sa\u00fade, Daniel Soranz, dengue \u00e9 sempre uma preocupa\u00e7\u00e3o no ver\u00e3o, mas este ano os&nbsp;n\u00fameros s\u00e3o muito menores do que ano passado, quando houve&nbsp;uma epidemia na cidade do Rio e no Brasil.<\/p>\n\n\n\n<blockquote class=\"wp-block-quote is-layout-flow wp-block-quote-is-layout-flow\">\n<p>&#8220;Temos uma preocupa\u00e7\u00e3o grande porque o n\u00famero cresce em S\u00e3o Paulo, que j\u00e1 tem mais de 58 mil casos, tem a dengue tipo 3 circulando e pode chegar ao Rio a qualquer momento\u201d, afirmou.<\/p>\n<\/blockquote>\n\n\n\n<p>A secretaria refor\u00e7a que a vacina contra a dengue \u00e9 segura e eficaz e foi aprovada pela Ag\u00eancia Nacional de Vigil\u00e2ncia Sanit\u00e1ria (Anvisa). A campanha faz parte do Programa Nacional de Imuniza\u00e7\u00f5es (PNI) do governo federal, sendo o Brasil o primeiro pa\u00eds do mundo a incorporar o imunizante \u00e0 rede p\u00fablica de sa\u00fade.<\/p>\n\n\n\n<p><strong>O munic\u00edpio do Rio registrou em fevereiro a primeira morte por dengue<\/strong>. A v\u00edtima foi um homem, de 38 anos, morador no bairro de Campo Grande, zona oeste da capital. Mais de mil pessoas j\u00e1 foram contaminadas pela doen\u00e7a na cidade.<br><\/p>\n","protected":false},"excerpt":{"rendered":"<p>Medida vale at\u00e9 26 de mar\u00e7o Por Douglas Corr\u00eaa &#8211; Rep\u00f3rter da Ag\u00eancia Brasil \/<\/p>\n","protected":false},"author":2,"featured_media":100831,"comment_status":"open","ping_status":"open","sticky":false,"template":"","format":"standard","meta":{"footnotes":""},"categories":[17],"tags":[],"class_list":["post-100830","post","type-post","status-publish","format-standard","has-post-thumbnail","hentry","category-outras-noticias"],"_links":{"self":[{"href":"https:\/\/tvc16.com\/portal\/wp-json\/wp\/v2\/posts\/100830","targetHints":{"allow":["GET"]}}],"collection":[{"href":"https:\/\/tvc16.com\/portal\/wp-json\/wp\/v2\/posts"}],"about":[{"href":"https:\/\/tvc16.com\/portal\/wp-json\/wp\/v2\/types\/post"}],"author":[{"embeddable":true,"href":"https:\/\/tvc16.com\/portal\/wp-json\/wp\/v2\/users\/2"}],"replies":[{"embeddable":true,"href":"https:\/\/tvc16.com\/portal\/wp-json\/wp\/v2\/comments?post=100830"}],"version-history":[{"count":1,"href":"https:\/\/tvc16.com\/portal\/wp-json\/wp\/v2\/posts\/100830\/revisions"}],"predecessor-version":[{"id":100832,"href":"https:\/\/tvc16.com\/portal\/wp-json\/wp\/v2\/posts\/100830\/revisions\/100832"}],"wp:featuredmedia":[{"embeddable":true,"href":"https:\/\/tvc16.com\/portal\/wp-json\/wp\/v2\/media\/100831"}],"wp:attachment":[{"href":"https:\/\/tvc16.com\/portal\/wp-json\/wp\/v2\/media?parent=100830"}],"wp:term":[{"taxonomy":"category","embeddable":true,"href":"https:\/\/tvc16.com\/portal\/wp-json\/wp\/v2\/categories?post=100830"},{"taxonomy":"post_tag","embeddable":true,"href":"https:\/\/tvc16.com\/portal\/wp-json\/wp\/v2\/tags?post=100830"}],"curies":[{"name":"wp","href":"https:\/\/api.w.org\/{rel}","templated":true}]}}