{"id":100839,"date":"2025-03-17T12:18:22","date_gmt":"2025-03-17T15:18:22","guid":{"rendered":"https:\/\/tvc16.com\/portal\/?p=100839"},"modified":"2025-03-17T12:18:23","modified_gmt":"2025-03-17T15:18:23","slug":"balcao-de-empregos-da-prefeitura-oferece-mais-108-vagas-para-esta-semana","status":"publish","type":"post","link":"https:\/\/tvc16.com\/portal\/2025\/03\/17\/balcao-de-empregos-da-prefeitura-oferece-mais-108-vagas-para-esta-semana\/","title":{"rendered":"Balc\u00e3o de Empregos da Prefeitura oferece mais 108 vagas para esta semana"},"content":{"rendered":"\n<p>A Prefeitura, por meio do Balc\u00e3o de Empregos, est\u00e1 oferecendo 108 oportunidades de emprego entre segunda-feira (17) a sexta-feira (21). Os candidatos podem realizar o cadastro de seus curr\u00edculos no site da Prefeitura (https:\/\/www.petropolis.rj.gov.br)<\/p>\n\n\n\n<p>S\u00e3o 20 oportunidades de primeiro emprego que n\u00e3o exigem experi\u00eancia, em vagas para: Alimentador de linha de produ\u00e7\u00e3o, auxiliar de servi\u00e7os gerais, costureira overquista, estagi\u00e1rio de administra\u00e7\u00e3o, marceneiro, masseiro e operador de c\u00e2maras frias.<\/p>\n\n\n\n<p>O Balc\u00e3o desta semana tamb\u00e9m conta com uma vaga destinada a pessoas com defici\u00eancia para auxiliar de RH.<\/p>\n\n\n\n<p>Veja todas as oportunidades desta semana:<\/p>\n\n\n\n<p>Ajudante de Motorista &#8211; Ensino M\u00e9dio \/ Experi\u00eancia na fun\u00e7\u00e3o &#8211; 4 vagas<\/p>\n\n\n\n<p>Alimentador de Linha de Produ\u00e7\u00e3o &#8211; Ensino M\u00e9dio &#8211; 4 vagas<\/p>\n\n\n\n<p>Analista de RH &#8211; Ensino M\u00e9dio \/ Cursos espec\u00edficos na \u00e1rea \/ Experi\u00eancia de 1 ano na fun\u00e7\u00e3o &#8211; 1 vaga<\/p>\n\n\n\n<p>Assistente de Artigos Aeron\u00e1uticos &#8211; Ensino M\u00e9dio \/ Cursos espec\u00edficos na \u00e1rea \/ Experi\u00eancia na fun\u00e7\u00e3o &#8211; 4 vagas<\/p>\n\n\n\n<p>Auxiliar de Manuten\u00e7\u00e3o &#8211; Ensino Fundamental \/ Cursos espec\u00edficos na \u00e1rea \/ Experi\u00eancia na fun\u00e7\u00e3o &#8211; 1 vaga<\/p>\n\n\n\n<p>Auxiliar de Pintor &#8211; Ensino M\u00e9dio \/ Experi\u00eancia na fun\u00e7\u00e3o &#8211; 1 vaga<\/p>\n\n\n\n<p>Auxiliar de Produ\u00e7\u00e3o &#8211; Ensino Fundamental \/ Experi\u00eancia De produ\u00e7\u00e3o no ramo aliment\u00edcio &#8211; 20 vagas<\/p>\n\n\n\n<p>Auxiliar de Produ\u00e7\u00e3o &#8211; Ensino M\u00e9dio \/ Experi\u00eancia na fun\u00e7\u00e3o &#8211; 1 vaga<\/p>\n\n\n\n<p>Auxiliar de Servi\u00e7os Gerais &#8211; Ensino Fundamental \/ Experi\u00eancia de 1 ano na Fun\u00e7\u00e3o &#8211; 10 vagas<\/p>\n\n\n\n<p>Auxiliar de Servi\u00e7os Gerais &#8211; Ensino Fundamental &#8211; 1 vaga<\/p>\n\n\n\n<p>Auxiliar de Servi\u00e7os Gerais &#8211; Ensino Fundamental \/ Experi\u00eancia de 1 ano na Fun\u00e7\u00e3o &#8211; 1 vaga<\/p>\n\n\n\n<p>Costureira Overloquista &#8211; Ensino Fundamental &#8211; 2 vagas<\/p>\n\n\n\n<p>Costureira Retista &#8211; Ensino Fundamental \/ Experi\u00eancia de 2 anos na Fun\u00e7\u00e3o &#8211; 2 vagas<\/p>\n\n\n\n<p>Costureira Retista &#8211; Ensino M\u00e9dio \/ Experi\u00eancia de 2 anos na Fun\u00e7\u00e3o &#8211; 2 vagas<\/p>\n\n\n\n<p>Eletricista de Instala\u00e7\u00f5es &#8211; Ensino M\u00e9dio \/ Cursos espec\u00edficos na \u00e1rea \/ Experi\u00eancia de 1 ano na fun\u00e7\u00e3o &#8211; 3 vagas<\/p>\n\n\n\n<p>Empregada Dom\u00e9stica Diarista &#8211; Ensino Fundamental \/ Experi\u00eancia de 2 anos na Fun\u00e7\u00e3o &#8211; 1 vaga<\/p>\n\n\n\n<p>Encarregado de Limpeza \/ Opera\u00e7\u00f5es &#8211; Ensino M\u00e9dio \/ Experi\u00eancia na fun\u00e7\u00e3o &#8211; 4 vagas<\/p>\n\n\n\n<p>Estagi\u00e1rio \u00e1rea Administrativa &#8211; Cursando Ensino Superior &#8211; 5 vagas<\/p>\n\n\n\n<p>Estoquista &#8211; Ensino M\u00e9dio \/ Experi\u00eancia na fun\u00e7\u00e3o &#8211; 2 vagas<\/p>\n\n\n\n<p>Faxineiro &#8211; Ensino Fundamental \/ Experi\u00eancia na fun\u00e7\u00e3o &#8211; 1 vagas<\/p>\n\n\n\n<p>Forrador (Sof\u00e1s, Poltronas, etc.) &#8211; Ensino M\u00e9dio \/ Experi\u00eancia na fun\u00e7\u00e3o &#8211; 1 vaga<\/p>\n\n\n\n<p>L\u00edder de Manuten\u00e7\u00e3o &#8211; Ensino M\u00e9dio \/ Cursos espec\u00edficos na \u00e1rea \/ Experi\u00eancia de 1 ano na fun\u00e7\u00e3o &#8211; 1 vaga<\/p>\n\n\n\n<p>Marceneiro &#8211; Ensino Fundamental &#8211; 1 vaga<\/p>\n\n\n\n<p>Marceneiro &#8211; Ensino M\u00e9dio \/ Experi\u00eancia na fun\u00e7\u00e3o &#8211; 2 vagas<\/p>\n\n\n\n<p>Masseiro (Massas Aliment\u00edcias) &#8211; Ensino M\u00e9dio &#8211; 3 vagas<\/p>\n\n\n\n<p>Mec\u00e2nico de Manuten\u00e7\u00e3o (Instala\u00e7\u00f5es Industriais) &#8211; Ensino M\u00e9dio \/ Cursos espec\u00edficos na \u00e1rea &#8211; 1 vagas<\/p>\n\n\n\n<p>Mec\u00e2nico de Manuten\u00e7\u00e3o de Edif\u00edcios &#8211; Ensino M\u00e9dio \/ Cursos espec\u00edficos na \u00e1rea \/ Experi\u00eancia de 1 ano na fun\u00e7\u00e3o &#8211; 1 vaga<\/p>\n\n\n\n<p>Mec\u00e2nico de Manuten\u00e7\u00e3o de M\u00e1quinas &#8211; Ensino M\u00e9dio \/ Cursos espec\u00edficos na \u00e1rea \/ Experi\u00eancia de 2 anos na fun\u00e7\u00e3o &#8211; 1 vaga<\/p>\n\n\n\n<p>Mec\u00e2nico Montador de Motores de Aeronaves &#8211; Ensino M\u00e9dio \/ Cursos espec\u00edficos na \u00e1rea \/ Experi\u00eancia na fun\u00e7\u00e3o &#8211; 4 vagas<\/p>\n\n\n\n<p>Motorista de Caminh\u00e3o &#8211; Ensino M\u00e9dio \/ CNH Cat. D \/ Experi\u00eancia de 1 ano na fun\u00e7\u00e3o &#8211; 5 vagas<\/p>\n\n\n\n<p>Motorista de Caminh\u00e3o Refrigerado &#8211; Ensino M\u00e9dio \/ CNH Cat. D \/ Experi\u00eancia de 1 ano na fun\u00e7\u00e3o &#8211; 4 vagas<\/p>\n\n\n\n<p>Motorista de Carro de Passeio &#8211; Ensino M\u00e9dio \/ CNH Categoria B \/ Curso de Dire\u00e7\u00e3o Defensiva \/ Experi\u00eancia de 1 ano na Fun\u00e7\u00e3o &#8211; 4 vagas<\/p>\n\n\n\n<p>Oficial de Manuten\u00e7\u00e3o &#8211; Ensino M\u00e9dio \/ Cursos espec\u00edficos na \u00e1rea \/ Experi\u00eancia de 1 ano na fun\u00e7\u00e3o &#8211; 1 vaga<\/p>\n\n\n\n<p>Operador de C\u00e2maras Frias &#8211; Ensino M\u00e9dio &#8211; 4 vagas<\/p>\n\n\n\n<p>T\u00e9cnico de Manuten\u00e7\u00e3o de M\u00e1quinas &#8211; Ensino M\u00e9dio \/ Cursos espec\u00edficos na \u00e1rea \/ Experi\u00eancia de 1 ano na fun\u00e7\u00e3o &#8211; 1 vaga<\/p>\n\n\n\n<p>T\u00e9cnico de Planejamento (Instala\u00e7\u00f5es Industriais) &#8211; Ensino M\u00e9dio \/ Cursos espec\u00edficos na \u00e1rea \/ Experi\u00eancia de 2 anos na fun\u00e7\u00e3o &#8211; 1 vaga<\/p>\n\n\n\n<p>T\u00e9cnico de Seguran\u00e7a no Trabalho &#8211; Ensino M\u00e9dio \/ Cursos espec\u00edficos na \u00e1rea \/ Experi\u00eancia na fun\u00e7\u00e3o &#8211; 1 vaga<\/p>\n\n\n\n<p>T\u00e9cnico de Seguran\u00e7a no Trabalho &#8211; Ensino M\u00e9dio \/ Cursos espec\u00edficos na \u00e1rea \/ Experi\u00eancia de 2 anos na fun\u00e7\u00e3o &#8211; 1 vaga<\/p>\n\n\n\n<p>Auxiliar de RH (Pessoa com Defici\u00eancia) &#8211; Ensino M\u00e9dio. Possuir laudo que comprove defici\u00eancia que permita a realiza\u00e7\u00e3o das atividades com seguran\u00e7a &#8211; 1 vaga<\/p>\n\n\n\n<p>Foto: Ag\u00eancia Brasil<\/p>\n","protected":false},"excerpt":{"rendered":"<p>A Prefeitura, por meio do Balc\u00e3o de Empregos, est\u00e1 oferecendo 108 oportunidades de emprego entre<\/p>\n","protected":false},"author":2,"featured_media":80601,"comment_status":"open","ping_status":"open","sticky":false,"template":"","format":"standard","meta":{"footnotes":""},"categories":[12],"tags":[],"class_list":["post-100839","post","type-post","status-publish","format-standard","has-post-thumbnail","hentry","category-cidade"],"_links":{"self":[{"href":"https:\/\/tvc16.com\/portal\/wp-json\/wp\/v2\/posts\/100839","targetHints":{"allow":["GET"]}}],"collection":[{"href":"https:\/\/tvc16.com\/portal\/wp-json\/wp\/v2\/posts"}],"about":[{"href":"https:\/\/tvc16.com\/portal\/wp-json\/wp\/v2\/types\/post"}],"author":[{"embeddable":true,"href":"https:\/\/tvc16.com\/portal\/wp-json\/wp\/v2\/users\/2"}],"replies":[{"embeddable":true,"href":"https:\/\/tvc16.com\/portal\/wp-json\/wp\/v2\/comments?post=100839"}],"version-history":[{"count":1,"href":"https:\/\/tvc16.com\/portal\/wp-json\/wp\/v2\/posts\/100839\/revisions"}],"predecessor-version":[{"id":100840,"href":"https:\/\/tvc16.com\/portal\/wp-json\/wp\/v2\/posts\/100839\/revisions\/100840"}],"wp:featuredmedia":[{"embeddable":true,"href":"https:\/\/tvc16.com\/portal\/wp-json\/wp\/v2\/media\/80601"}],"wp:attachment":[{"href":"https:\/\/tvc16.com\/portal\/wp-json\/wp\/v2\/media?parent=100839"}],"wp:term":[{"taxonomy":"category","embeddable":true,"href":"https:\/\/tvc16.com\/portal\/wp-json\/wp\/v2\/categories?post=100839"},{"taxonomy":"post_tag","embeddable":true,"href":"https:\/\/tvc16.com\/portal\/wp-json\/wp\/v2\/tags?post=100839"}],"curies":[{"name":"wp","href":"https:\/\/api.w.org\/{rel}","templated":true}]}}