{"id":100841,"date":"2025-03-17T12:21:44","date_gmt":"2025-03-17T15:21:44","guid":{"rendered":"https:\/\/tvc16.com\/portal\/?p=100841"},"modified":"2025-03-17T12:21:48","modified_gmt":"2025-03-17T15:21:48","slug":"prefeitura-em-parceria-com-o-sos-serra-inicia-curso-de-formacao-continuada-dos-nudecs","status":"publish","type":"post","link":"https:\/\/tvc16.com\/portal\/2025\/03\/17\/prefeitura-em-parceria-com-o-sos-serra-inicia-curso-de-formacao-continuada-dos-nudecs\/","title":{"rendered":"Prefeitura em parceria com o SOS Serra inicia curso de forma\u00e7\u00e3o continuada dos Nudecs"},"content":{"rendered":"\n<p>Come\u00e7ou neste fim de semana, o primeiro curso de forma\u00e7\u00e3o continuada dos n\u00facleos Comunit\u00e1rios de Defesa Civil (Nudecs) 2025. A iniciativa \u00e9 da Prefeitura, por meio da Secretaria de Prote\u00e7\u00e3o e Defesa Civil, em parceria com o SOS Serra. Neste primeiro dia, participaram da capacita\u00e7\u00e3o 47 pessoas de 12 Nudecs.<\/p>\n\n\n\n<p>A capacita\u00e7\u00e3o dos Nudecs segue at\u00e9 outubro, totalizando seis encontros. \u201cEssa participa\u00e7\u00e3o popular \u00e9 importante para fortalecermos a cultura da preven\u00e7\u00e3o e atuarmos em conjunto para uma cidade mais segura e resiliente\u201d, disse o prefeito Hingo Hammes, agradecendo tamb\u00e9m a parceria com o SOS Serra, que durante a capacita\u00e7\u00e3o apresentou o pr\u00eamio SOS Serra para os Nudecs.<\/p>\n\n\n\n<p>O curso ser\u00e1 estruturado em seis m\u00f3dulos, com emiss\u00e3o de certifica\u00e7\u00e3o e premia\u00e7\u00e3o para os participantes mais ass\u00edduos. A iniciativa tem como objetivo fortalecer a atua\u00e7\u00e3o dos N\u00facleos Comunit\u00e1rios de Defesa Civil na gest\u00e3o de riscos e desastres, promovendo capacita\u00e7\u00e3o t\u00e9cnica e engajamento comunit\u00e1rio.<\/p>\n\n\n\n<p>\u201c\u00c9 um trabalho essencial para fortalecer a comunidade. Uma Nudec fortalecida mostra uma cidade mais preparada. Na capacita\u00e7\u00e3o eles v\u00e3o ter mat\u00e9rias como percep\u00e7\u00e3o de risco, monitoramento, sistema de alerta e alarme e o que fazer em caso de desastre. Um bra\u00e7o forte do Nudec na comunidade, fortalece a Defesa Civil e a cidade\u201d, ressaltou o secret\u00e1rio de Prote\u00e7\u00e3o e Defesa Civil, Guilherme Moraes.<\/p>\n\n\n\n<p>\u201c\u00c9 fundamental fortalecer as lideran\u00e7as comunit\u00e1rias para aprenderem a viver em uma cidade que tem os riscos que Petr\u00f3polis tem. Aprender a lidar com os problemas da cidade e usar o potencial que essas pessoas tem do conhecimento dos seus territ\u00f3rios, ajudando muito Petr\u00f3polis nas respostas aos eventos socio clim\u00e1ticos\u201d, comentou a Patr\u00edcia Salamonde do SOS Serra.<\/p>\n\n\n\n<p>Participam da capacita\u00e7\u00e3o integrantes dos Nudecs da regi\u00e3o do Vale do Cuiab\u00e1 e adjac\u00eancias, Caxambu, Ch\u00e1cara Flora e Ferrovi\u00e1rio, Serra Velha, Retiro e Vale dos Esquilos, Alto da Serra, Jardim Salvador e Roseiral, T\u00fanel Extravasor, Quitandinha, 24 de Maio, Duques e adjac\u00eancias e da Posse.<\/p>\n\n\n\n<p>&#8220;A gente aprendeu sobre sair no momento certo. Ir para o ponto de apoio e outros. Acho essa forma\u00e7\u00e3o importante porque a informa\u00e7\u00e3o que a gente adquire ajuda para que, na hora que acontecer voc\u00ea j\u00e1 tem essa informa\u00e7\u00e3o pr\u00e9via e o conhecimento e voc\u00ea vai daqui para frente ter a a\u00e7\u00e3o, que \u00e9 a rea\u00e7\u00e3o do treinamento&#8221;, disse Rosemar Camargo do Nudec Caxambu.<\/p>\n\n\n\n<p>Foto: divulga\u00e7\u00e3o <\/p>\n","protected":false},"excerpt":{"rendered":"<p>Come\u00e7ou neste fim de semana, o primeiro curso de forma\u00e7\u00e3o continuada dos n\u00facleos Comunit\u00e1rios de<\/p>\n","protected":false},"author":2,"featured_media":100842,"comment_status":"open","ping_status":"open","sticky":false,"template":"","format":"standard","meta":{"footnotes":""},"categories":[12],"tags":[],"class_list":["post-100841","post","type-post","status-publish","format-standard","has-post-thumbnail","hentry","category-cidade"],"_links":{"self":[{"href":"https:\/\/tvc16.com\/portal\/wp-json\/wp\/v2\/posts\/100841","targetHints":{"allow":["GET"]}}],"collection":[{"href":"https:\/\/tvc16.com\/portal\/wp-json\/wp\/v2\/posts"}],"about":[{"href":"https:\/\/tvc16.com\/portal\/wp-json\/wp\/v2\/types\/post"}],"author":[{"embeddable":true,"href":"https:\/\/tvc16.com\/portal\/wp-json\/wp\/v2\/users\/2"}],"replies":[{"embeddable":true,"href":"https:\/\/tvc16.com\/portal\/wp-json\/wp\/v2\/comments?post=100841"}],"version-history":[{"count":1,"href":"https:\/\/tvc16.com\/portal\/wp-json\/wp\/v2\/posts\/100841\/revisions"}],"predecessor-version":[{"id":100843,"href":"https:\/\/tvc16.com\/portal\/wp-json\/wp\/v2\/posts\/100841\/revisions\/100843"}],"wp:featuredmedia":[{"embeddable":true,"href":"https:\/\/tvc16.com\/portal\/wp-json\/wp\/v2\/media\/100842"}],"wp:attachment":[{"href":"https:\/\/tvc16.com\/portal\/wp-json\/wp\/v2\/media?parent=100841"}],"wp:term":[{"taxonomy":"category","embeddable":true,"href":"https:\/\/tvc16.com\/portal\/wp-json\/wp\/v2\/categories?post=100841"},{"taxonomy":"post_tag","embeddable":true,"href":"https:\/\/tvc16.com\/portal\/wp-json\/wp\/v2\/tags?post=100841"}],"curies":[{"name":"wp","href":"https:\/\/api.w.org\/{rel}","templated":true}]}}