{"id":100850,"date":"2025-03-17T13:10:05","date_gmt":"2025-03-17T16:10:05","guid":{"rendered":"https:\/\/tvc16.com\/portal\/?p=100850"},"modified":"2025-03-17T13:10:07","modified_gmt":"2025-03-17T16:10:07","slug":"gaeco-mprj-estoura-central-clandestina-de-internet-operada-pelo-trafico-em-teresopolis","status":"publish","type":"post","link":"https:\/\/tvc16.com\/portal\/2025\/03\/17\/gaeco-mprj-estoura-central-clandestina-de-internet-operada-pelo-trafico-em-teresopolis\/","title":{"rendered":"GAECO\/MPRJ estoura central clandestina de internet operada pelo tr\u00e1fico em Teres\u00f3polis"},"content":{"rendered":"\n<p>O Grupo de Atua\u00e7\u00e3o Especializada de Combate ao Crime Organizado (GAECO\/MPRJ), com o apoio do Grupo de Apoio aos Promotores (GAP\/MPRJ), da Pol\u00edcia Militar e da Pol\u00edcia Civil, desmantelou, nesta sexta-feira (14\/03), uma central clandestina de internet em funcionamento no Complexo PPR, em Teres\u00f3polis, Regi\u00e3o Serrana do Rio. A opera\u00e7\u00e3o foi desencadeada em resposta aos criminosos, que destru\u00edram, dois dias antes, modens e equipamentos das prestadoras regulares de servi\u00e7o de internet na localidade.<\/p>\n\n\n\n<p>&nbsp;A investiga\u00e7\u00e3o do MPRJ apurou que a destrui\u00e7\u00e3o dos equipamentos foi ordenada por lideran\u00e7as do tr\u00e1fico local, com o objetivo de estabelecer um servi\u00e7o clandestino de internet, exclusivo e vinculado \u00e0 organiza\u00e7\u00e3o criminosa, como forma de gerar lucros adicionais. Diante dessas informa\u00e7\u00f5es, os servi\u00e7os de intelig\u00eancia do MPRJ, da Pol\u00edcia Militar e da Pol\u00edcia Civil intensificaram a investiga\u00e7\u00e3o e localizaram a resid\u00eancia onde estavam instalados os servidores desse provedor clandestino, dentro do complexo.<\/p>\n\n\n\n<p>&nbsp;Durante a incurs\u00e3o realizada pelos agentes do GAP\/MPRJ e pelos policiais do servi\u00e7o reservado do 30\u00ba BPM (Teres\u00f3polis), foi encontrada uma extensa estrutura clandestina utilizada para viabilizar o servi\u00e7o sob o controle do tr\u00e1fico. Uma pessoa foi presa e diversos equipamentos foram apreendidos.<\/p>\n\n\n\n<p>&nbsp;A investiga\u00e7\u00e3o continua em andamento para reprimir e desarticular a atua\u00e7\u00e3o da organiza\u00e7\u00e3o criminosa na regi\u00e3o.<\/p>\n\n\n\n<p>Foto: divulga\u00e7\u00e3o <\/p>\n","protected":false},"excerpt":{"rendered":"<p>O Grupo de Atua\u00e7\u00e3o Especializada de Combate ao Crime Organizado (GAECO\/MPRJ), com o apoio do<\/p>\n","protected":false},"author":2,"featured_media":26588,"comment_status":"open","ping_status":"open","sticky":false,"template":"","format":"standard","meta":{"footnotes":""},"categories":[17],"tags":[],"class_list":["post-100850","post","type-post","status-publish","format-standard","has-post-thumbnail","hentry","category-outras-noticias"],"_links":{"self":[{"href":"https:\/\/tvc16.com\/portal\/wp-json\/wp\/v2\/posts\/100850","targetHints":{"allow":["GET"]}}],"collection":[{"href":"https:\/\/tvc16.com\/portal\/wp-json\/wp\/v2\/posts"}],"about":[{"href":"https:\/\/tvc16.com\/portal\/wp-json\/wp\/v2\/types\/post"}],"author":[{"embeddable":true,"href":"https:\/\/tvc16.com\/portal\/wp-json\/wp\/v2\/users\/2"}],"replies":[{"embeddable":true,"href":"https:\/\/tvc16.com\/portal\/wp-json\/wp\/v2\/comments?post=100850"}],"version-history":[{"count":1,"href":"https:\/\/tvc16.com\/portal\/wp-json\/wp\/v2\/posts\/100850\/revisions"}],"predecessor-version":[{"id":100851,"href":"https:\/\/tvc16.com\/portal\/wp-json\/wp\/v2\/posts\/100850\/revisions\/100851"}],"wp:featuredmedia":[{"embeddable":true,"href":"https:\/\/tvc16.com\/portal\/wp-json\/wp\/v2\/media\/26588"}],"wp:attachment":[{"href":"https:\/\/tvc16.com\/portal\/wp-json\/wp\/v2\/media?parent=100850"}],"wp:term":[{"taxonomy":"category","embeddable":true,"href":"https:\/\/tvc16.com\/portal\/wp-json\/wp\/v2\/categories?post=100850"},{"taxonomy":"post_tag","embeddable":true,"href":"https:\/\/tvc16.com\/portal\/wp-json\/wp\/v2\/tags?post=100850"}],"curies":[{"name":"wp","href":"https:\/\/api.w.org\/{rel}","templated":true}]}}