{"id":100852,"date":"2025-03-18T05:00:00","date_gmt":"2025-03-18T08:00:00","guid":{"rendered":"https:\/\/tvc16.com\/portal\/?p=100852"},"modified":"2025-03-17T17:17:13","modified_gmt":"2025-03-17T20:17:13","slug":"segunda-edicao-do-domingao-zera-fila-atende-a-mais-de-250-pacientes","status":"publish","type":"post","link":"https:\/\/tvc16.com\/portal\/2025\/03\/18\/segunda-edicao-do-domingao-zera-fila-atende-a-mais-de-250-pacientes\/","title":{"rendered":"Segunda edi\u00e7\u00e3o do Doming\u00e3o Zera Fila atende a mais de 250 pacientes\u00a0"},"content":{"rendered":"\n<p><strong><em>Dando continuidade ao programa, os pacientes foram atendidos novamente no CEMUSA<\/em><\/strong><\/p>\n\n\n\n<p>Em mais uma edi\u00e7\u00e3o do Programa Doming\u00e3o Zera Fila, realizada no \u00faltimo domingo, 16 de mar\u00e7o, a Prefeitura de Teres\u00f3polis, atrav\u00e9s da Secretaria de Municipal de Sa\u00fade, promoveu um dia inteiro voltado para consultas nas&nbsp;especialidades de Oftalmologia, Otorrinolaringologia, Dermatologia, Ortopedia, e Cl\u00ednica M\u00e9dica. As mais de 250 consultas foram realizadas no CEMUSA (Centro Municipal de Sa\u00fade Dr. Adalberto Otto), no bairro de S\u00e3o Pedro.<\/p>\n\n\n\n<p>O objetivo do Doming\u00e3o Zera Fila \u00e9 atender pacientes que, ap\u00f3s serem encaminhados pelas unidades b\u00e1sicas de sa\u00fade para consultas com especialistas, ainda aguardam na fila. Por motivos organizacionais, o atendimento foi garantido apenas \u00e0s pessoas previamente contatadas pela Secretaria de Sa\u00fade. Realizado sempre aos domingos, o mutir\u00e3o de atendimentos acontece no primeiro dia da semana justamente para atender a uma demanda da popula\u00e7\u00e3o por datas mais flex\u00edveis para os atendimentos de sa\u00fade e tamb\u00e9m aproveitar o Doming\u00e3o Tarifa Zero, que garante a gratuidade das passagens nas linhas de \u00f4nibus municipais.<\/p>\n\n\n\n<p>\u201cEu espero h\u00e1 quase tr\u00eas anos por essa consulta. Agora finalmente fui chamada e to achando o atendimento muito bom e r\u00e1pido. cheguei aqui \u00e0s 9:30h e logo fui chamada para ser atendida. Espero que continue assim.&#8221;, declarou Angela, 66 anos, atendida para dermatologia.<\/p>\n\n\n\n<p>\u00a0O Prefeito Leonardo Vasconcellos falou sobre a import\u00e2ncia do programa e do polo do CEMUSA para a sa\u00fade do munic\u00edpio:\u00a0\u201cN\u00f3s assumimos a prefeitura com quase 10 mil pessoas h\u00e1 mais de tr\u00eas anos aguardando consultas especializadas e por isso n\u00f3s montamos o \u201cDoming\u00e3o Zera Fila\u201d,\u00a0 que acontecer\u00e1 de 15 em 15 dias no CEMUSA, onde n\u00f3s iremos zerar todas as filas dos m\u00e9dicos especialistas. Nesse domingo, estamos com cinco especialidades: otorrino, dermatologia, cl\u00ednica geral, a parte de ortopedia e de dermatologia, e no outro domingo n\u00f3s vamos ver quais as especialidades que mais precisam e iremos chamar tamb\u00e9m, at\u00e9 que as filas sejam encerradas. O CEMUSA est\u00e1 se tornando novamente um polo importante em sa\u00fade, que em breve n\u00f3s tamb\u00e9m teremos aqui um centro oftalmol\u00f3gico, o primeiro de cirurgia p\u00fablica de catarata na Regi\u00e3o Serrana. Esse ser\u00e1 um compromisso nosso, um compromisso da gest\u00e3o, de fazer do CEMUSA um polo importante e significativo na sa\u00fade de Teres\u00f3polis.\u201d<\/p>\n\n\n\n<p>Acompanharam os atendimentos do primeiro Doming\u00e3o Zera Fila o Prefeito Leonardo Vasconcellos, o Secret\u00e1rio Municipal de Sa\u00fade F\u00e1bio Gallote, o secret\u00e1rio municipal de Governo e Coordena\u00e7\u00e3o, Andr\u00e9 Muniz, o Ouvidor Geral do Munic\u00edpio Anderson dos Santos e os vereadores Fabinho Fil\u00e9, Marcia Valentim, Paulinho Nogueira e Sandrinho.Fotos: Jorge Maravilha\u00a0<\/p>\n","protected":false},"excerpt":{"rendered":"<p>Dando continuidade ao programa, os pacientes foram atendidos novamente no CEMUSA Em mais uma edi\u00e7\u00e3o<\/p>\n","protected":false},"author":2,"featured_media":100853,"comment_status":"open","ping_status":"open","sticky":false,"template":"","format":"standard","meta":{"footnotes":""},"categories":[17],"tags":[],"class_list":["post-100852","post","type-post","status-publish","format-standard","has-post-thumbnail","hentry","category-outras-noticias"],"_links":{"self":[{"href":"https:\/\/tvc16.com\/portal\/wp-json\/wp\/v2\/posts\/100852","targetHints":{"allow":["GET"]}}],"collection":[{"href":"https:\/\/tvc16.com\/portal\/wp-json\/wp\/v2\/posts"}],"about":[{"href":"https:\/\/tvc16.com\/portal\/wp-json\/wp\/v2\/types\/post"}],"author":[{"embeddable":true,"href":"https:\/\/tvc16.com\/portal\/wp-json\/wp\/v2\/users\/2"}],"replies":[{"embeddable":true,"href":"https:\/\/tvc16.com\/portal\/wp-json\/wp\/v2\/comments?post=100852"}],"version-history":[{"count":1,"href":"https:\/\/tvc16.com\/portal\/wp-json\/wp\/v2\/posts\/100852\/revisions"}],"predecessor-version":[{"id":100854,"href":"https:\/\/tvc16.com\/portal\/wp-json\/wp\/v2\/posts\/100852\/revisions\/100854"}],"wp:featuredmedia":[{"embeddable":true,"href":"https:\/\/tvc16.com\/portal\/wp-json\/wp\/v2\/media\/100853"}],"wp:attachment":[{"href":"https:\/\/tvc16.com\/portal\/wp-json\/wp\/v2\/media?parent=100852"}],"wp:term":[{"taxonomy":"category","embeddable":true,"href":"https:\/\/tvc16.com\/portal\/wp-json\/wp\/v2\/categories?post=100852"},{"taxonomy":"post_tag","embeddable":true,"href":"https:\/\/tvc16.com\/portal\/wp-json\/wp\/v2\/tags?post=100852"}],"curies":[{"name":"wp","href":"https:\/\/api.w.org\/{rel}","templated":true}]}}