{"id":100855,"date":"2025-03-18T05:00:00","date_gmt":"2025-03-18T08:00:00","guid":{"rendered":"https:\/\/tvc16.com\/portal\/?p=100855"},"modified":"2025-03-17T17:18:54","modified_gmt":"2025-03-17T20:18:54","slug":"governo-do-estado-divulga-29-mil-oportunidades-de-emprego-formal-estagio-e-jovem-aprendiz","status":"publish","type":"post","link":"https:\/\/tvc16.com\/portal\/2025\/03\/18\/governo-do-estado-divulga-29-mil-oportunidades-de-emprego-formal-estagio-e-jovem-aprendiz\/","title":{"rendered":"Governo do Estado divulga 2,9 mil oportunidades de emprego formal, est\u00e1gio e jovem aprendiz"},"content":{"rendered":"\n<p>O Governo do Estado divulga esta semana \u00a02.975 oportunidades de emprego formal, est\u00e1gio e jovem aprendiz no Rio de Janeiro, captadas pela Secretaria de Trabalho e Renda. Por meio do Sistema Nacional de Emprego (Sine), s\u00e3o oferecidas 1.026 vagas com carteira assinada, distribu\u00eddas pelas regi\u00f5es Metropolitana, Serrana e M\u00e9dio Para\u00edba.\u00a0 Para quem est\u00e1 buscando est\u00e1gio ou uma chance como jovem aprendiz, h\u00e1 1.949 vagas, ofertadas pelo Centro de Integra\u00e7\u00e3o Empresa-Escola (CIEE) e pela Funda\u00e7\u00e3o Mudes. O maior sal\u00e1rio, para o cargo de analista de marketing, chega a R$ 6.072, no bairro de Jacarepagu\u00e1. \u00c9 preciso ter experi\u00eancia anterior e o Ensino Superior completo. \u00a0<\/p>\n\n\n\n<p>Na mesma regi\u00e3o, existem sal\u00e1rios de at\u00e9 R$ 4.554 para motorista de \u00f4nibus, em Vig\u00e1rio Geral e Duque de Caxias, assistente de contabilidade, em Nova Igua\u00e7u, e para conservador de vias permanentes, em Deodoro. Ainda na Regi\u00e3o Metropolitana, foram captadas 157 vagas exclusivamente para pessoas com defici\u00eancia (PcD), com sal\u00e1rios de at\u00e9 R$ 3.036, para diferentes n\u00edveis de escolaridades, com experi\u00eancia ou n\u00e3o.<\/p>\n\n\n\n<p>No M\u00e9dio Para\u00edba, foram captadas 42 oportunidades nas cidades de Valen\u00e7a e Vassouras, com remunera\u00e7\u00e3o m\u00e9dia de um sal\u00e1rio m\u00ednimo. Quem tem forma\u00e7\u00e3o em Farm\u00e1cia, mesmo sem experi\u00eancia comprovada, pode concorrer \u00e0 vaga de farmac\u00eautico, com sal\u00e1rio que pode chegar a R$ 6 mil. J\u00e1 na regi\u00e3o Serrana, todas as 148 ofertas de emprego s\u00e3o para o bairro de V\u00e1rzea, na cidade de Teres\u00f3polis. A remunera\u00e7\u00e3o m\u00e9dia varia de um a dois sal\u00e1rios m\u00ednimos, para fun\u00e7\u00f5es como as de auxiliar administrativo, eletricista, manicure e operador de caixa.<\/p>\n\n\n\n<p>De acordo com o Observat\u00f3rio do Trabalho da Secretaria de Trabalho e Renda, 68% das vagas captadas s\u00e3o do setor de Servi\u00e7os, 31,8% do Com\u00e9rcio e 0,2%da Ind\u00fastria. Por n\u00edvel de escolaridade, 51,5% das oportunidades requerem o Ensino M\u00e9dio completo e 37,4%, o Ensino Fundamental completo. A maioria das vagas (70,1%) exige experi\u00eancia.&nbsp; A secretaria lembra que \u00e9 importante manter cadastro e curr\u00edculos atualizados no Sistema Nacional de Emprego, que analisa o perfil do candidato e a vaga cadastrada pelo empregador.<\/p>\n\n\n\n<p>Para se inscrever ou atualizar o cadastro, \u00e9 necess\u00e1rio ir a uma unidade do Sine, levando os documentos de identifica\u00e7\u00e3o civil, carteira de trabalho, PIS\/PASEP\/NIT\/NIS e CPF. O endere\u00e7o das unidades e os detalhes de todas as vagas oferecidas podem ser encontrados no Painel Interativo de Vagas da Secretaria de Trabalho e Renda, dispon\u00edvel no site&nbsp;<a rel=\"noreferrer noopener\" target=\"_blank\" href=\"https:\/\/na01.safelinks.protection.outlook.com\/?url=http%3A%2F%2Fwww.rj.gov.br%2Ftrabalho&amp;data=05%7C02%7C%7C58d714f3b26346d44f5808dd658fd862%7C84df9e7fe9f640afb435aaaaaaaaaaaa%7C1%7C0%7C638778390674280076%7CUnknown%7CTWFpbGZsb3d8eyJFbXB0eU1hcGkiOnRydWUsIlYiOiIwLjAuMDAwMCIsIlAiOiJXaW4zMiIsIkFOIjoiTWFpbCIsIldUIjoyfQ%3D%3D%7C0%7C%7C%7C&amp;sdata=1VXi%2FK61%2FtHSwoUAdDzxX5f%2BhLmMl0nvKKQwzYXauX0%3D&amp;reserved=0\">www.rj.gov.br\/trabalho<\/a>.<\/p>\n\n\n\n<p>Uma parceria com as institui\u00e7\u00f5es Funda\u00e7\u00e3o Mudes e CIEE resultou na oferta de est\u00e1gios para diferentes n\u00edveis de escolaridade, al\u00e9m de oportunidades para jovem aprendiz. A Funda\u00e7\u00e3o Mudes disponibiliza, esta semana, 810 vagas de est\u00e1gio nos n\u00edveis Superior, M\u00e9dio e T\u00e9cnico. Para se candidatar, basta acessar&nbsp;<a rel=\"noreferrer noopener\" target=\"_blank\" href=\"https:\/\/na01.safelinks.protection.outlook.com\/?url=http%3A%2F%2Fwww.mudes.org.br%2F&amp;data=05%7C02%7C%7C58d714f3b26346d44f5808dd658fd862%7C84df9e7fe9f640afb435aaaaaaaaaaaa%7C1%7C0%7C638778390674294717%7CUnknown%7CTWFpbGZsb3d8eyJFbXB0eU1hcGkiOnRydWUsIlYiOiIwLjAuMDAwMCIsIlAiOiJXaW4zMiIsIkFOIjoiTWFpbCIsIldUIjoyfQ%3D%3D%7C0%7C%7C%7C&amp;sdata=Rpkfry1%2BAStWU%2B013JTNXME%2FbM9ab3%2B5gFMwepvfvdQ%3D&amp;reserved=0\">www.mudes.org.br<\/a>. J\u00e1 o CIEE, oferece 1.139 vagas de est\u00e1gio para diferentes n\u00edveis de escolaridade e oportunidades para jovem aprendiz. Informa\u00e7\u00f5es mais detalhadas podem ser obtidas em&nbsp;<a rel=\"noreferrer noopener\" target=\"_blank\" href=\"https:\/\/na01.safelinks.protection.outlook.com\/?url=http%3A%2F%2Fwww.ciee.org.br%2F&amp;data=05%7C02%7C%7C58d714f3b26346d44f5808dd658fd862%7C84df9e7fe9f640afb435aaaaaaaaaaaa%7C1%7C0%7C638778390674301888%7CUnknown%7CTWFpbGZsb3d8eyJFbXB0eU1hcGkiOnRydWUsIlYiOiIwLjAuMDAwMCIsIlAiOiJXaW4zMiIsIkFOIjoiTWFpbCIsIldUIjoyfQ%3D%3D%7C0%7C%7C%7C&amp;sdata=tbxhcajHMYYOWWH02U2aEnyufEtiG%2FpqdoNrEmek1hg%3D&amp;reserved=0\">www.ciee.org.br<\/a>.<\/p>\n\n\n\n<p>Foto: divulga\u00e7\u00e3o <\/p>\n","protected":false},"excerpt":{"rendered":"<p>O Governo do Estado divulga esta semana \u00a02.975 oportunidades de emprego formal, est\u00e1gio e jovem<\/p>\n","protected":false},"author":2,"featured_media":84359,"comment_status":"open","ping_status":"open","sticky":false,"template":"","format":"standard","meta":{"footnotes":""},"categories":[17],"tags":[],"class_list":["post-100855","post","type-post","status-publish","format-standard","has-post-thumbnail","hentry","category-outras-noticias"],"_links":{"self":[{"href":"https:\/\/tvc16.com\/portal\/wp-json\/wp\/v2\/posts\/100855","targetHints":{"allow":["GET"]}}],"collection":[{"href":"https:\/\/tvc16.com\/portal\/wp-json\/wp\/v2\/posts"}],"about":[{"href":"https:\/\/tvc16.com\/portal\/wp-json\/wp\/v2\/types\/post"}],"author":[{"embeddable":true,"href":"https:\/\/tvc16.com\/portal\/wp-json\/wp\/v2\/users\/2"}],"replies":[{"embeddable":true,"href":"https:\/\/tvc16.com\/portal\/wp-json\/wp\/v2\/comments?post=100855"}],"version-history":[{"count":1,"href":"https:\/\/tvc16.com\/portal\/wp-json\/wp\/v2\/posts\/100855\/revisions"}],"predecessor-version":[{"id":100856,"href":"https:\/\/tvc16.com\/portal\/wp-json\/wp\/v2\/posts\/100855\/revisions\/100856"}],"wp:featuredmedia":[{"embeddable":true,"href":"https:\/\/tvc16.com\/portal\/wp-json\/wp\/v2\/media\/84359"}],"wp:attachment":[{"href":"https:\/\/tvc16.com\/portal\/wp-json\/wp\/v2\/media?parent=100855"}],"wp:term":[{"taxonomy":"category","embeddable":true,"href":"https:\/\/tvc16.com\/portal\/wp-json\/wp\/v2\/categories?post=100855"},{"taxonomy":"post_tag","embeddable":true,"href":"https:\/\/tvc16.com\/portal\/wp-json\/wp\/v2\/tags?post=100855"}],"curies":[{"name":"wp","href":"https:\/\/api.w.org\/{rel}","templated":true}]}}