{"id":100860,"date":"2025-03-18T08:22:38","date_gmt":"2025-03-18T11:22:38","guid":{"rendered":"https:\/\/tvc16.com\/portal\/?p=100860"},"modified":"2025-03-18T08:22:40","modified_gmt":"2025-03-18T11:22:40","slug":"vistoria-vai-decidir-se-o-cristo-redentor-sera-reaberto-ao-publico","status":"publish","type":"post","link":"https:\/\/tvc16.com\/portal\/2025\/03\/18\/vistoria-vai-decidir-se-o-cristo-redentor-sera-reaberto-ao-publico\/","title":{"rendered":"Vistoria vai decidir se o Cristo Redentor ser\u00e1 reaberto ao p\u00fablico"},"content":{"rendered":"\n<p><em>Monumento foi fechado \u00e0 visita\u00e7\u00e3o ap\u00f3s morte de turista<\/em><\/p>\n\n\n\n<p>Por Douglas Corr\u00eaa &#8211; Rep\u00f3rter da Ag\u00eancia Brasil \/ Foto: T\u00e2nia R\u00eago\/Ag\u00eancia Brasil<\/p>\n\n\n\n<p><\/p>\n\n\n\n<p><strong>Os postos de sa\u00fade do Monumento ao Cristo Redentor v\u00e3o funcionar durante todo o expediente de visita\u00e7\u00e3o e uma ambul\u00e2ncia estar\u00e1 dispon\u00edvel no local enquanto houver turistas<\/strong>. A decis\u00e3o do governo do estado foi tomada nessa segunda-feira (17) durante reuni\u00e3o no Pal\u00e1cio Guanabara, convocada pela Secretaria de Estado&nbsp;de Defesa do Consumidor (Sedecon) e pelo Procon-RJ, com a presen\u00e7a de diversos \u00f3rg\u00e3os respons\u00e1veis pela administra\u00e7\u00e3o e opera\u00e7\u00e3o de visitas ao monumento.<img decoding=\"async\" src=\"https:\/\/agenciabrasil.ebc.com.br\/ebc.png?id=1634897&amp;o=node\"><img decoding=\"async\" src=\"https:\/\/agenciabrasil.ebc.com.br\/ebc.gif?id=1634897&amp;o=node\"><\/p>\n\n\n\n<p>A medida foi adotada&nbsp;ap\u00f3s o Procon-Rio interditar os acessos ao local. O posto de sa\u00fade que deveria funcionar no Alto do Corcovado n\u00e3o estava aberto na manh\u00e3 de domingo (16), quando&nbsp;<strong>o turista ga\u00facho Alex Duarte, 54 anos, passou mal e morreu v\u00edtima de infarto na escadaria de acesso ao Cristo.<\/strong><\/p>\n\n\n\n<p>A reuni\u00e3o definiu tamb\u00e9m a cria\u00e7\u00e3o de uma comiss\u00e3o para fiscalizar a acessibilidade no local. Na manh\u00e3 desta ter\u00e7a-feira (18), uma vistoria ser\u00e1 feita&nbsp;para avaliar as condi\u00e7\u00f5es estruturais do Cristo Redentor e determinar se a interdi\u00e7\u00e3o parcial do monumento, estabelecida ontem,&nbsp;poder\u00e1 ser revogada.<\/p>\n\n\n\n<p>O governador Cl\u00e1udio Castro disse que o governo est\u00e1 comprometido em garantir seguran\u00e7a e acessibilidade aos visitantes.<\/p>\n\n\n\n<blockquote class=\"wp-block-quote is-layout-flow wp-block-quote-is-layout-flow\">\n<p>\u201cO Cristo Redentor \u00e9 um dos maiores s\u00edmbolos do nosso estado e do Brasil. N\u00e3o podemos aceitar que falhas na presta\u00e7\u00e3o de servi\u00e7o coloquem em risco a seguran\u00e7a de turistas e de trabalhadores. Determinamos que os respons\u00e1veis pela opera\u00e7\u00e3o do monumento corrijam imediatamente as falhas e estamos acompanhando cada passo desse processo. Queremos um Cristo Redentor mais seguro e acess\u00edvel para todos\u201d, afirmou Castro.<\/p>\n<\/blockquote>\n\n\n\n<p>O secret\u00e1rio de Defesa do Consumidor, Gutemberg Fonseca, tamb\u00e9m exigiu que seja&nbsp;criada uma comiss\u00e3o para acompanhar&nbsp;a adequa\u00e7\u00e3o da acessibilidade.<\/p>\n\n\n\n<p>\u201c\u00c9 essencial que tenhamos essa comiss\u00e3o para acompanhar de perto o que est\u00e1 sendo feito de fato em prol do consumidor. A ideia \u00e9 que, ao constatarmos um problema durante as adequa\u00e7\u00f5es, tenhamos um ponto focal com quem possamos falar e solicitar ajustes da maneira mais r\u00e1pida poss\u00edvel\u201d.<\/p>\n\n\n\n<h2 class=\"wp-block-heading\">Interdi\u00e7\u00e3o<\/h2>\n\n\n\n<p>O Cristo Redentor foi interditado, ap\u00f3s constata\u00e7\u00e3o de falha na presta\u00e7\u00e3o de servi\u00e7o. Os agentes da Sedcon e do Procon-RJ foram at\u00e9 o local e fizeram a interdi\u00e7\u00e3o parcial da bilheteria de vans e de trens, depois de constatar que o posto m\u00e9dico n\u00e3o funcionava de acordo com o hor\u00e1rio de abertura e visita\u00e7\u00e3o. A bilheteria das vans (Paineiras Corcovado) e a do Trem do Corcovado foram proibidas de comercializar ingressos ap\u00f3s a fiscaliza\u00e7\u00e3o. A vistoria foi motivada por den\u00fancias de consumidores, ap\u00f3s a morte do turista ga\u00facho no domingo (16).<br><br>Gutemberg disse que \u00e9 inaceit\u00e1vel que um dos principais cart\u00f5es-postais do mundo opere nessas condi\u00e7\u00f5es.<\/p>\n\n\n\n<blockquote class=\"wp-block-quote is-layout-flow wp-block-quote-is-layout-flow\">\n<p>&#8220;Um monumento t\u00e3o ic\u00f4nico n\u00e3o pode negligenciar a seguran\u00e7a e os direitos dos consumidores. A empresa Paineiras Corcovado e a Trem Corcovado feriram a cl\u00e1usula do contrato de concess\u00e3o, uma vez que&nbsp;os postos m\u00e9dicos estavam funcionando em hor\u00e1rios divergentes da entrada e sa\u00edda dos visitantes. Isso colocava em risco a vida e a seguran\u00e7a dos turistas e profissionais do local, podendo causar danos irrepar\u00e1veis\u201d, afirmou&nbsp;o secret\u00e1rio.<\/p>\n<\/blockquote>\n\n\n\n<h2 class=\"wp-block-heading\">Alerta<\/h2>\n\n\n\n<p>Em fevereiro deste ano, a Secretaria de Defesa do Consumidor j\u00e1 tinha acionado o Instituto Chico Mendes de Conserva\u00e7\u00e3o da Biodiversidade (ICMBio), entidade respons\u00e1vel pela administra\u00e7\u00e3o do Parque Nacional da Tijuca,- onde o Cristo Redentor fica localizado, exigindo a\u00e7\u00f5es efetivas para garantir a acessibilidade ao monumento.<\/p>\n\n\n\n<p>Para Gutemberg, \u00e9 inadmiss\u00edvel que um local, com mais de 2 milh\u00f5es de visita\u00e7\u00f5es ao ano&nbsp;ainda n\u00e3o seja completamente acess\u00edvel. \u201cJ\u00e1 t\u00ednhamos solicitado que o&nbsp;ICMBio fizesse algumas adapta\u00e7\u00f5es, justamente por entender que o acesso a uma das sete maravilhas do mundo deve ser facilitado e igual para todos\u201d.<\/p>\n\n\n\n<p>Al\u00e9m do ICMBio, a&nbsp;reuni\u00e3o contou com a participa\u00e7\u00e3o de representantes da&nbsp;Light, do Instituto do Patrim\u00f4nio Hist\u00f3rico e Art\u00edstico Nacional (Iphan), Corpo de Bombeiros, Paineiras Corcovado, Minist\u00e9rio P\u00fablico, Trem do Corcovado, da Delegacia do Consumidor (Decon), Procon-RJ, da Secretaria de Sa\u00fade e da Arquidiocese do Rio.<\/p>\n\n\n\n<h2 class=\"wp-block-heading\">Ambul\u00e2ncia<\/h2>\n\n\n\n<p><strong>Em nota, o Parque Nacional da Tijuca\/ICMBio informou&nbsp;que para aumentar a seguran\u00e7a dos visitantes do parque, vai custear uma ambul\u00e2ncia que ficar\u00e1 de plant\u00e3o durante todo o hor\u00e1rio de visita\u00e7\u00e3o.<\/strong><\/p>\n\n\n\n<p>Na reuni\u00e3o, que ocorreu na Secretaria de Defesa do Consumidor, no Pal\u00e1cio Guanabara, no fim da tarde de ontem, ficou acertado&nbsp;que o ICMBio vai disponibilizar o equipamento com recursos pr\u00f3prios,&nbsp;ap\u00f3s a concession\u00e1ria Trem do Corcovado enviar of\u00edcio fazendo a&nbsp;solicita\u00e7\u00e3o.<\/p>\n\n\n\n<p>&#8220;Refor\u00e7amos que as tratativas do ICMBio junto ao Iphan&nbsp;para a r\u00e1pida aprova\u00e7\u00e3o dos projetos de acessibilidade em todo o Alto Corcovado est\u00e3o em andamento e as obras devem come\u00e7ar o quanto antes&#8221;, acrescenta a nota.<\/p>\n\n\n\n<p>De acordo com o texto, a manuten\u00e7\u00e3o e o pleno funcionamento do posto de primeiros socorros no Alto do Corcovado s\u00e3o&nbsp;de responsabilidade da empresa concession\u00e1ria Trem do Corcovado, conforme previsto no contrato fiscalizado pelo Instituto Chico Mendes. A reuni\u00e3o com o Procon refor\u00e7ou que \u00e9 de obriga\u00e7\u00e3o das concession\u00e1rias Trem do Corcovado e Paineiras-Corcovado cuidarem dos postos&nbsp;que ambas mant\u00eam dentro do parque.&nbsp;<\/p>\n\n\n\n<p>&#8220;O ICMBio refor\u00e7a que est\u00e1 cumprindo a sua responsabilidade de \u00f3rg\u00e3o fiscalizador e apurando, junto \u00e0&nbsp;concession\u00e1ria, as circunst\u00e2ncias da triste fatalidade, com o falecimento de um turista no \u00faltimo domingo (16), no Alto Corcovado.<br><\/p>\n","protected":false},"excerpt":{"rendered":"<p>Monumento foi fechado \u00e0 visita\u00e7\u00e3o ap\u00f3s morte de turista Por Douglas Corr\u00eaa &#8211; Rep\u00f3rter da<\/p>\n","protected":false},"author":2,"featured_media":100861,"comment_status":"open","ping_status":"open","sticky":false,"template":"","format":"standard","meta":{"footnotes":""},"categories":[1],"tags":[],"class_list":["post-100860","post","type-post","status-publish","format-standard","has-post-thumbnail","hentry","category-uncategorized"],"_links":{"self":[{"href":"https:\/\/tvc16.com\/portal\/wp-json\/wp\/v2\/posts\/100860","targetHints":{"allow":["GET"]}}],"collection":[{"href":"https:\/\/tvc16.com\/portal\/wp-json\/wp\/v2\/posts"}],"about":[{"href":"https:\/\/tvc16.com\/portal\/wp-json\/wp\/v2\/types\/post"}],"author":[{"embeddable":true,"href":"https:\/\/tvc16.com\/portal\/wp-json\/wp\/v2\/users\/2"}],"replies":[{"embeddable":true,"href":"https:\/\/tvc16.com\/portal\/wp-json\/wp\/v2\/comments?post=100860"}],"version-history":[{"count":1,"href":"https:\/\/tvc16.com\/portal\/wp-json\/wp\/v2\/posts\/100860\/revisions"}],"predecessor-version":[{"id":100862,"href":"https:\/\/tvc16.com\/portal\/wp-json\/wp\/v2\/posts\/100860\/revisions\/100862"}],"wp:featuredmedia":[{"embeddable":true,"href":"https:\/\/tvc16.com\/portal\/wp-json\/wp\/v2\/media\/100861"}],"wp:attachment":[{"href":"https:\/\/tvc16.com\/portal\/wp-json\/wp\/v2\/media?parent=100860"}],"wp:term":[{"taxonomy":"category","embeddable":true,"href":"https:\/\/tvc16.com\/portal\/wp-json\/wp\/v2\/categories?post=100860"},{"taxonomy":"post_tag","embeddable":true,"href":"https:\/\/tvc16.com\/portal\/wp-json\/wp\/v2\/tags?post=100860"}],"curies":[{"name":"wp","href":"https:\/\/api.w.org\/{rel}","templated":true}]}}