{"id":100866,"date":"2025-03-18T08:26:15","date_gmt":"2025-03-18T11:26:15","guid":{"rendered":"https:\/\/tvc16.com\/portal\/?p=100866"},"modified":"2025-03-18T08:26:17","modified_gmt":"2025-03-18T11:26:17","slug":"declaracao-pre-preenchida-do-ir-com-dados-parciais-ja-esta-disponivel","status":"publish","type":"post","link":"https:\/\/tvc16.com\/portal\/2025\/03\/18\/declaracao-pre-preenchida-do-ir-com-dados-parciais-ja-esta-disponivel\/","title":{"rendered":"Declara\u00e7\u00e3o pr\u00e9-preenchida do IR com dados parciais j\u00e1 est\u00e1 dispon\u00edvel"},"content":{"rendered":"\n<p><em>Contribuinte pode acessar rendimentos e importar informa\u00e7\u00f5es de 2024<\/em><\/p>\n\n\n\n<p>Por Wellton M\u00e1ximo \u2013 Rep\u00f3rter da Ag\u00eancia Brasil \/ Foto: Marcello Casal JrAg\u00eancia Brasil<\/p>\n\n\n\n<p><\/p>\n\n\n\n<p>Apesar do atraso no fornecimento neste ano,<strong>&nbsp;a declara\u00e7\u00e3o pr\u00e9-preenchida do Imposto de Renda Pessoa F\u00edsica (IRPF) est\u00e1 parcialmente dispon\u00edvel a partir desta segunda-feira<\/strong>&nbsp;(17). Os contribuintes podem acessar os rendimentos de 2024 e importar as informa\u00e7\u00f5es da declara\u00e7\u00e3o do ano anterior, como identifica\u00e7\u00e3o e endere\u00e7o.<img decoding=\"async\" src=\"https:\/\/agenciabrasil.ebc.com.br\/ebc.png?id=1634850&amp;o=node\"><img decoding=\"async\" src=\"https:\/\/agenciabrasil.ebc.com.br\/ebc.gif?id=1634850&amp;o=node\"><\/p>\n\n\n\n<p>Segundo a Receita Federal,<strong>&nbsp;nesta etapa inicial, a declara\u00e7\u00e3o pr\u00e9-preenchida inclui informa\u00e7\u00f5es como rendimentos e pagamentos<\/strong>, obtidos pelo Fisco pelos seguintes documentos:<\/p>\n\n\n\n<ul class=\"wp-block-list\">\n<li>Declara\u00e7\u00e3o do Imposto sobre a Renda Retido na Fonte (Dirf);<\/li>\n\n\n\n<li>Declara\u00e7\u00e3o de Informa\u00e7\u00f5es sobre Atividades Imobili\u00e1rias (Dimob);<\/li>\n\n\n\n<li>Declara\u00e7\u00e3o de Servi\u00e7os M\u00e9dicos e de Sa\u00fade (Dmed);<\/li>\n\n\n\n<li>Carn\u00ea-Le\u00e3o Web.<\/li>\n<\/ul>\n\n\n\n<p><strong>A declara\u00e7\u00e3o pr\u00e9-preenchida parcial tamb\u00e9m tem os seguintes dados:<\/strong><\/p>\n\n\n\n<ul class=\"wp-block-list\">\n<li>rendimentos isentos decorrentes de mol\u00e9stia grave;<\/li>\n\n\n\n<li>c\u00f3digos de juros;<\/li>\n\n\n\n<li>restitui\u00e7\u00f5es recebidas no ano-calend\u00e1rio.<\/li>\n<\/ul>\n\n\n\n<p><strong>At\u00e9 o dia 1\u00ba de abril, a Receita incluir\u00e1 gradualmente dados na declara\u00e7\u00e3o pr\u00e9-preenchida, entre os quais:<\/strong><\/p>\n\n\n\n<ul class=\"wp-block-list\">\n<li>saldos banc\u00e1rios;<\/li>\n\n\n\n<li>investimentos;<\/li>\n\n\n\n<li>im\u00f3veis adquiridos;<\/li>\n\n\n\n<li>doa\u00e7\u00f5es realizadas no ano-calend\u00e1rio;<\/li>\n\n\n\n<li>criptoativos<\/li>\n\n\n\n<li>contas banc\u00e1rias e ativos no exterior;<\/li>\n\n\n\n<li>contribui\u00e7\u00f5es para a previd\u00eancia privada.<\/li>\n<\/ul>\n\n\n\n<p>Tradicionalmente fornecida no primeiro dia de entrega da Declara\u00e7\u00e3o do Imposto de Renda Pessoa F\u00edsica,&nbsp;<strong>a declara\u00e7\u00e3o pr\u00e9-preenchida neste ano atrasou por causa da&nbsp;<a href=\"https:\/\/agenciabrasil.ebc.com.br\/economia\/noticia\/2025-03\/confira-regras-do-irpf-2025-prazo-para-declaracao-comeca-na-segunda\">greve dos auditores-fiscais da Receita<\/a>.&nbsp;<\/strong>Al\u00e9m de acelerar o preenchimento da Declara\u00e7\u00e3o do Imposto de Renda, a vers\u00e3o pr\u00e9-preenchida d\u00e1 prioridade no recebimento da restitui\u00e7\u00e3o.<\/p>\n\n\n\n<p><strong>O prazo de envio da Declara\u00e7\u00e3o do Imposto de Renda Pessoa F\u00edsica 2025&nbsp;<a href=\"https:\/\/agenciabrasil.ebc.com.br\/economia\/noticia\/2025-03\/receita-comeca-receber-nesta-segunda-declaracoes-do-imposto-de-renda\">come\u00e7ou nesta segunda-feira<\/a>&nbsp;(17) e vai at\u00e9 30 de maio, \u00e0s 23h59min59s<\/strong>. A Receita recomenda aos contribuintes que tenham toda a documenta\u00e7\u00e3o em m\u00e3os para comparar com os dados fornecidos na pr\u00e9 preenchida. Em caso de diverg\u00eancias, o contribuinte deve preencher as informa\u00e7\u00f5es dos documentos.<\/p>\n\n\n\n<p>A Receita Federal espera receber, neste ano, 46,2 milh\u00f5es de declara\u00e7\u00f5es. O n\u00famero representa alta de 6% em rela\u00e7\u00e3o ao n\u00famero de entregas em 2024.<\/p>\n\n\n\n<figure class=\"wp-block-image\"><img decoding=\"async\" src=\"https:\/\/imagens.ebc.com.br\/8QE023di59O_PvkBgKa1skR8vTA=\/754x0\/smart\/https:\/\/agenciabrasil.ebc.com.br\/sites\/default\/files\/thumbnails\/image\/2025\/03\/14\/irpf-2025_3.png?itok=zOsKAFFg\" alt=\"arte irpf 2025\" title=\"Arte\/Ag\u00eancia Brasil\"\/><\/figure>\n\n\n\n<p>arte irpf 2025 &#8211;\u00a0<strong>Arte\/Ag\u00eancia Brasil<\/strong><br><br><\/p>\n","protected":false},"excerpt":{"rendered":"<p>Contribuinte pode acessar rendimentos e importar informa\u00e7\u00f5es de 2024 Por Wellton M\u00e1ximo \u2013 Rep\u00f3rter da<\/p>\n","protected":false},"author":2,"featured_media":100867,"comment_status":"open","ping_status":"open","sticky":false,"template":"","format":"standard","meta":{"footnotes":""},"categories":[17],"tags":[],"class_list":["post-100866","post","type-post","status-publish","format-standard","has-post-thumbnail","hentry","category-outras-noticias"],"_links":{"self":[{"href":"https:\/\/tvc16.com\/portal\/wp-json\/wp\/v2\/posts\/100866","targetHints":{"allow":["GET"]}}],"collection":[{"href":"https:\/\/tvc16.com\/portal\/wp-json\/wp\/v2\/posts"}],"about":[{"href":"https:\/\/tvc16.com\/portal\/wp-json\/wp\/v2\/types\/post"}],"author":[{"embeddable":true,"href":"https:\/\/tvc16.com\/portal\/wp-json\/wp\/v2\/users\/2"}],"replies":[{"embeddable":true,"href":"https:\/\/tvc16.com\/portal\/wp-json\/wp\/v2\/comments?post=100866"}],"version-history":[{"count":1,"href":"https:\/\/tvc16.com\/portal\/wp-json\/wp\/v2\/posts\/100866\/revisions"}],"predecessor-version":[{"id":100868,"href":"https:\/\/tvc16.com\/portal\/wp-json\/wp\/v2\/posts\/100866\/revisions\/100868"}],"wp:featuredmedia":[{"embeddable":true,"href":"https:\/\/tvc16.com\/portal\/wp-json\/wp\/v2\/media\/100867"}],"wp:attachment":[{"href":"https:\/\/tvc16.com\/portal\/wp-json\/wp\/v2\/media?parent=100866"}],"wp:term":[{"taxonomy":"category","embeddable":true,"href":"https:\/\/tvc16.com\/portal\/wp-json\/wp\/v2\/categories?post=100866"},{"taxonomy":"post_tag","embeddable":true,"href":"https:\/\/tvc16.com\/portal\/wp-json\/wp\/v2\/tags?post=100866"}],"curies":[{"name":"wp","href":"https:\/\/api.w.org\/{rel}","templated":true}]}}