{"id":100880,"date":"2025-03-18T08:42:57","date_gmt":"2025-03-18T11:42:57","guid":{"rendered":"https:\/\/tvc16.com\/portal\/?p=100880"},"modified":"2025-03-18T08:43:00","modified_gmt":"2025-03-18T11:43:00","slug":"moraes-nega-saidinha-de-pascoa-ao-ex-deputado-daniel-silveira","status":"publish","type":"post","link":"https:\/\/tvc16.com\/portal\/2025\/03\/18\/moraes-nega-saidinha-de-pascoa-ao-ex-deputado-daniel-silveira\/","title":{"rendered":"Moraes nega saidinha de P\u00e1scoa ao ex-deputado Daniel Silveira"},"content":{"rendered":"\n<p><em>Ministro seguiu recomenda\u00e7\u00e3o da Procuradoria-Geral da Rep\u00fablica<\/em><\/p>\n\n\n\n<p>Por Ag\u00eancia Brasil \/ Foto: Pablo Valadares\/C\u00e2mara dos Deputados<\/p>\n\n\n\n<p><\/p>\n\n\n\n<p>O ministro Alexandre de Moraes, do Supremo Tribunal Federal (STF), decidiu nesta segunda-feira (17) negar pedido do ex-deputado federal Daniel Silveira para sa\u00edda tempor\u00e1ria de P\u00e1scoa.&nbsp;<a href=\"https:\/\/agenciabrasil.ebc.com.br\/justica\/noticia\/2024-12\/daniel-silveira-volta-ser-preso-pela-pf-por-determinacao-de-moraes\">Silveira est\u00e1 preso no sistema penitenci\u00e1rio do Rio de Janeiro<\/a>.&nbsp;<img decoding=\"async\" src=\"https:\/\/agenciabrasil.ebc.com.br\/ebc.png?id=1634883&amp;o=node\"><img decoding=\"async\" src=\"https:\/\/agenciabrasil.ebc.com.br\/ebc.gif?id=1634883&amp;o=node\"><\/p>\n\n\n\n<p>No in\u00edcio deste m\u00eas, a defesa de Silveira pediu autoriza\u00e7\u00e3o ao ministro para passar os dias festivos com a fam\u00edlia. Para os advogados, o ex-parlamentar tem direito ao benef\u00edcio por estar cumprindo regime semiaberto de pris\u00e3o.<\/p>\n\n\n\n<p>Na decis\u00e3o,&nbsp;<strong>Alexandre de Moraes seguiu parecer da Procuradoria-Geral da Rep\u00fablica (PGR)<\/strong>&nbsp;e negou o pedido de &#8220;saidinha de P\u00e1scoa&#8221;.<\/p>\n\n\n\n<p>A PGR ressaltou que Silveira teve liberdade condicional revogada ap\u00f3s a acusa\u00e7\u00e3o de violar medidas cautelares da pena.<\/p>\n\n\n\n<blockquote class=\"wp-block-quote is-layout-flow wp-block-quote-is-layout-flow\">\n<p>&#8220;Ainda que essas faltas n\u00e3o produzam efeitos sob o regime disciplinar a que ele se encontra internamente submetido, impedem, sobretudo quando se considera a proximidade do fato, que se lhe reconhe\u00e7a, no presente momento, o comportamento adequado ou a pr\u00f3pria compatibilidade do benef\u00edcio com a recente revers\u00e3o do seu status e, portanto, com os objetivos da sua pena&#8221;, disse a procuradoria.&nbsp;<\/p>\n<\/blockquote>\n\n\n\n<p>Em 2023,&nbsp;<a href=\"https:\/\/agenciabrasil.ebc.com.br\/justica\/noticia\/2023-05\/moraes-determina-execucao-da-condenacao-de-daniel-silveira\">Silveira foi condenado pela Corte a oito anos e nove meses de pris\u00e3o<\/a>&nbsp;pelos crimes de tentativa de impedir o livre exerc\u00edcio dos poderes e coa\u00e7\u00e3o no curso do processo ao proferir ofensas e amea\u00e7as contra os ministros do STF.<\/p>\n\n\n\n<p>Em dezembro de 2024, ele perdeu o livramento condicional ap\u00f3s quebrar as cautelares determinadas pelo ministro, como cumprir recolhimento noturno ap\u00f3s \u00e0s 22h.&nbsp;<\/p>\n\n\n\n<p>Daniel Silveira foi condenado em processo criminal pela acusa\u00e7\u00e3o de incitar \u00e0 invas\u00e3o da Corte e sugerir agress\u00f5es f\u00edsicas aos ministros do Supremo. Os fatos ocorreram em 2020 e 2021, por meio das redes sociais.&nbsp;<br><\/p>\n","protected":false},"excerpt":{"rendered":"<p>Ministro seguiu recomenda\u00e7\u00e3o da Procuradoria-Geral da Rep\u00fablica Por Ag\u00eancia Brasil \/ Foto: Pablo Valadares\/C\u00e2mara dos<\/p>\n","protected":false},"author":2,"featured_media":58693,"comment_status":"open","ping_status":"open","sticky":false,"template":"","format":"standard","meta":{"footnotes":""},"categories":[12],"tags":[],"class_list":["post-100880","post","type-post","status-publish","format-standard","has-post-thumbnail","hentry","category-cidade"],"_links":{"self":[{"href":"https:\/\/tvc16.com\/portal\/wp-json\/wp\/v2\/posts\/100880","targetHints":{"allow":["GET"]}}],"collection":[{"href":"https:\/\/tvc16.com\/portal\/wp-json\/wp\/v2\/posts"}],"about":[{"href":"https:\/\/tvc16.com\/portal\/wp-json\/wp\/v2\/types\/post"}],"author":[{"embeddable":true,"href":"https:\/\/tvc16.com\/portal\/wp-json\/wp\/v2\/users\/2"}],"replies":[{"embeddable":true,"href":"https:\/\/tvc16.com\/portal\/wp-json\/wp\/v2\/comments?post=100880"}],"version-history":[{"count":1,"href":"https:\/\/tvc16.com\/portal\/wp-json\/wp\/v2\/posts\/100880\/revisions"}],"predecessor-version":[{"id":100881,"href":"https:\/\/tvc16.com\/portal\/wp-json\/wp\/v2\/posts\/100880\/revisions\/100881"}],"wp:featuredmedia":[{"embeddable":true,"href":"https:\/\/tvc16.com\/portal\/wp-json\/wp\/v2\/media\/58693"}],"wp:attachment":[{"href":"https:\/\/tvc16.com\/portal\/wp-json\/wp\/v2\/media?parent=100880"}],"wp:term":[{"taxonomy":"category","embeddable":true,"href":"https:\/\/tvc16.com\/portal\/wp-json\/wp\/v2\/categories?post=100880"},{"taxonomy":"post_tag","embeddable":true,"href":"https:\/\/tvc16.com\/portal\/wp-json\/wp\/v2\/tags?post=100880"}],"curies":[{"name":"wp","href":"https:\/\/api.w.org\/{rel}","templated":true}]}}