{"id":100882,"date":"2025-03-18T08:44:46","date_gmt":"2025-03-18T11:44:46","guid":{"rendered":"https:\/\/tvc16.com\/portal\/?p=100882"},"modified":"2025-03-18T08:44:47","modified_gmt":"2025-03-18T11:44:47","slug":"mais-de-560-mil-pessoas-entregaram-declaracao-do-irpf-no-primeiro-dia","status":"publish","type":"post","link":"https:\/\/tvc16.com\/portal\/2025\/03\/18\/mais-de-560-mil-pessoas-entregaram-declaracao-do-irpf-no-primeiro-dia\/","title":{"rendered":"Mais de 560 mil pessoas entregaram declara\u00e7\u00e3o do IRPF no primeiro dia"},"content":{"rendered":"\n<p><em>Prazo para entrega termina \u00e0s 23h59min59s do dia 30 de maio<\/em><\/p>\n\n\n\n<p>Por Ag\u00eancia Brasil \/ Foto: Jo\u00e9dson Alves\/Ag\u00eancia Brasil<\/p>\n\n\n\n<p><\/p>\n\n\n\n<p><strong>A Receita Federal recebeu 561.580 declara\u00e7\u00f5es do Imposto de Renda da Pessoa F\u00edsica (IRPF) de 2025 at\u00e9 as 17h desta segunda-feira&nbsp;<\/strong>(17),&nbsp;<a href=\"https:\/\/agenciabrasil.ebc.com.br\/economia\/noticia\/2025-03\/receita-comeca-receber-nesta-segunda-declaracoes-do-imposto-de-renda\">primeiro dia para a entrega do documento<\/a>, que considera os rendimentos recebidos ao longo de 2024.<img decoding=\"async\" src=\"https:\/\/agenciabrasil.ebc.com.br\/ebc.png?id=1634869&amp;o=node\"><img decoding=\"async\" src=\"https:\/\/agenciabrasil.ebc.com.br\/ebc.gif?id=1634869&amp;o=node\"><\/p>\n\n\n\n<p><strong>O prazo para entregar a declara\u00e7\u00e3o termina \u00e0s 23h59 do dia de 30 de maio.<\/strong>&nbsp;O&nbsp;<a href=\"https:\/\/www.gov.br\/receitafederal\/pt-br\">programa gerador da declara\u00e7\u00e3o<\/a>&nbsp;est\u00e1 dispon\u00edvel desde quinta-feira (13).<\/p>\n\n\n\n<p>A Receita Federal calcula receber 46,2 milh\u00f5es de declara\u00e7\u00f5es do Imposto de Renda da Pessoa F\u00edsica este ano, o que representar\u00e1 um acr\u00e9scimo de quase 7%, na compara\u00e7\u00e3o com 2024, quando foram entregues 43,2 milh\u00f5es de declara\u00e7\u00f5es.<\/p>\n\n\n\n<p><strong>As pessoas f\u00edsicas que receberam rendimentos tribut\u00e1veis acima de R$ 33.888, assim como aquelas que obtiveram receita bruta da atividade rural acima de R$ 169.440, s\u00e3o obrigadas a declarar.<\/strong><\/p>\n\n\n\n<p>Quem recebeu&nbsp;at\u00e9 dois sal\u00e1rios m\u00ednimos mensais durante 2024 est\u00e1 dispensado&nbsp;de fazer a declara\u00e7\u00e3o, salvo se se enquadrarem em outro crit\u00e9rio de obrigatoriedade.<\/p>\n\n\n\n<figure class=\"wp-block-image\"><img decoding=\"async\" src=\"https:\/\/imagens.ebc.com.br\/8QE023di59O_PvkBgKa1skR8vTA=\/754x0\/smart\/https:\/\/agenciabrasil.ebc.com.br\/sites\/default\/files\/thumbnails\/image\/2025\/03\/14\/irpf-2025_3.png?itok=zOsKAFFg\" alt=\"arte irpf 2025\" title=\"Arte\/Ag\u00eancia Brasil\"\/><\/figure>\n\n\n\n<p>arte irpf 2025 &#8211;&nbsp;<strong>Arte\/Ag\u00eancia Brasil<\/strong><br><\/p>\n","protected":false},"excerpt":{"rendered":"<p>Prazo para entrega termina \u00e0s 23h59min59s do dia 30 de maio Por Ag\u00eancia Brasil \/<\/p>\n","protected":false},"author":2,"featured_media":100883,"comment_status":"open","ping_status":"open","sticky":false,"template":"","format":"standard","meta":{"footnotes":""},"categories":[17],"tags":[],"class_list":["post-100882","post","type-post","status-publish","format-standard","has-post-thumbnail","hentry","category-outras-noticias"],"_links":{"self":[{"href":"https:\/\/tvc16.com\/portal\/wp-json\/wp\/v2\/posts\/100882","targetHints":{"allow":["GET"]}}],"collection":[{"href":"https:\/\/tvc16.com\/portal\/wp-json\/wp\/v2\/posts"}],"about":[{"href":"https:\/\/tvc16.com\/portal\/wp-json\/wp\/v2\/types\/post"}],"author":[{"embeddable":true,"href":"https:\/\/tvc16.com\/portal\/wp-json\/wp\/v2\/users\/2"}],"replies":[{"embeddable":true,"href":"https:\/\/tvc16.com\/portal\/wp-json\/wp\/v2\/comments?post=100882"}],"version-history":[{"count":1,"href":"https:\/\/tvc16.com\/portal\/wp-json\/wp\/v2\/posts\/100882\/revisions"}],"predecessor-version":[{"id":100884,"href":"https:\/\/tvc16.com\/portal\/wp-json\/wp\/v2\/posts\/100882\/revisions\/100884"}],"wp:featuredmedia":[{"embeddable":true,"href":"https:\/\/tvc16.com\/portal\/wp-json\/wp\/v2\/media\/100883"}],"wp:attachment":[{"href":"https:\/\/tvc16.com\/portal\/wp-json\/wp\/v2\/media?parent=100882"}],"wp:term":[{"taxonomy":"category","embeddable":true,"href":"https:\/\/tvc16.com\/portal\/wp-json\/wp\/v2\/categories?post=100882"},{"taxonomy":"post_tag","embeddable":true,"href":"https:\/\/tvc16.com\/portal\/wp-json\/wp\/v2\/tags?post=100882"}],"curies":[{"name":"wp","href":"https:\/\/api.w.org\/{rel}","templated":true}]}}