{"id":100885,"date":"2025-03-18T08:52:41","date_gmt":"2025-03-18T11:52:41","guid":{"rendered":"https:\/\/tvc16.com\/portal\/?p=100885"},"modified":"2025-03-18T08:52:43","modified_gmt":"2025-03-18T11:52:43","slug":"enel-faz-mutirao-para-cliente-renegociar-debitos","status":"publish","type":"post","link":"https:\/\/tvc16.com\/portal\/2025\/03\/18\/enel-faz-mutirao-para-cliente-renegociar-debitos\/","title":{"rendered":"Enel faz mutir\u00e3o para cliente renegociar d\u00e9bitos"},"content":{"rendered":"\n<p><em>Iniciativa vai at\u00e9 31 de mar\u00e7o<\/em><\/p>\n\n\n\n<p>Por Ag\u00eancia Brasil \/ Foto: Marcello Casal JrAg\u00eancia Brasil<\/p>\n\n\n\n<p><\/p>\n\n\n\n<p>A Enel SP lan\u00e7ou nesta segunda-feira (17) um plano para renegocia\u00e7\u00e3o de d\u00edvidas.&nbsp;<strong>A iniciativa vale at\u00e9 31 de mar\u00e7o.<\/strong>&nbsp;As condi\u00e7\u00f5es de pagamento variam conforme o caso dos clientes, mas d\u00e9bitos vencidos h\u00e1 mais de 60 dias s\u00e3o poss\u00edveis de parcelamento em at\u00e9 sete vezes e entrada a partir de 10%.<img decoding=\"async\" src=\"https:\/\/agenciabrasil.ebc.com.br\/ebc.png?id=1634864&amp;o=node\"><img decoding=\"async\" src=\"https:\/\/agenciabrasil.ebc.com.br\/ebc.gif?id=1634864&amp;o=node\"><\/p>\n\n\n\n<p><strong>Para renegociar o d\u00e9bito, a fatura da conta precisa ter, no m\u00ednimo, 60 dias de atraso.<\/strong>&nbsp;O interessado na negocia\u00e7\u00e3o precisa apresentar seus documentos (RG ou CNH). A negocia\u00e7\u00e3o do d\u00e9bito pode ser feita de modo online, pelo site da Enel LINK 1 e&nbsp; tamb\u00e9m pelo aplicativo da companhia, pelo WhatsApp (21 99601-9608) ou pela central de relacionamento 0800-72 72 120.<\/p>\n\n\n\n<p>As&nbsp;<strong>fam\u00edlias inscritas no Cadastro \u00danico dos Benef\u00edcios Sociais (Cad\u00danico) e na tarifa social de energia el\u00e9trica poder\u00e3o parcelar suas d\u00edvidas<\/strong>&nbsp;com a empresa em at\u00e9 36 vezes, sem juros. D\u00e9bitos vencidos h\u00e1 180 dias que forem quitados \u00e0 vista ter\u00e3o desconto de 10% no total.<\/p>\n\n\n\n<p>A Enel informa que as negocia\u00e7\u00f5es acontecem conforme a situa\u00e7\u00e3o de cada devedor,&nbsp;<strong>mas h\u00e1 incid\u00eancia de encargos e juros de parcelamento<\/strong>. Os valores negociados v\u00e3o ser incorporados \u00e0s contas mensais dos clientes.<\/p>\n\n\n\n<p>Desta segunda-feira at\u00e9 23 de mar\u00e7o, o interessado em negociar as d\u00edvidas com a Enel&nbsp;<strong>poder\u00e1 tratar de seu caso pessoalmente<\/strong>, na tenda de atendimento no Vale do Anhangaba\u00fa, no centro de S\u00e3o Paulo. A iniciativa faz parte do Feir\u00e3o Limpa Nome da Serasa.<br><\/p>\n","protected":false},"excerpt":{"rendered":"<p>Iniciativa vai at\u00e9 31 de mar\u00e7o Por Ag\u00eancia Brasil \/ Foto: Marcello Casal JrAg\u00eancia Brasil<\/p>\n","protected":false},"author":2,"featured_media":100886,"comment_status":"open","ping_status":"open","sticky":false,"template":"","format":"standard","meta":{"footnotes":""},"categories":[17],"tags":[],"class_list":["post-100885","post","type-post","status-publish","format-standard","has-post-thumbnail","hentry","category-outras-noticias"],"_links":{"self":[{"href":"https:\/\/tvc16.com\/portal\/wp-json\/wp\/v2\/posts\/100885","targetHints":{"allow":["GET"]}}],"collection":[{"href":"https:\/\/tvc16.com\/portal\/wp-json\/wp\/v2\/posts"}],"about":[{"href":"https:\/\/tvc16.com\/portal\/wp-json\/wp\/v2\/types\/post"}],"author":[{"embeddable":true,"href":"https:\/\/tvc16.com\/portal\/wp-json\/wp\/v2\/users\/2"}],"replies":[{"embeddable":true,"href":"https:\/\/tvc16.com\/portal\/wp-json\/wp\/v2\/comments?post=100885"}],"version-history":[{"count":1,"href":"https:\/\/tvc16.com\/portal\/wp-json\/wp\/v2\/posts\/100885\/revisions"}],"predecessor-version":[{"id":100887,"href":"https:\/\/tvc16.com\/portal\/wp-json\/wp\/v2\/posts\/100885\/revisions\/100887"}],"wp:featuredmedia":[{"embeddable":true,"href":"https:\/\/tvc16.com\/portal\/wp-json\/wp\/v2\/media\/100886"}],"wp:attachment":[{"href":"https:\/\/tvc16.com\/portal\/wp-json\/wp\/v2\/media?parent=100885"}],"wp:term":[{"taxonomy":"category","embeddable":true,"href":"https:\/\/tvc16.com\/portal\/wp-json\/wp\/v2\/categories?post=100885"},{"taxonomy":"post_tag","embeddable":true,"href":"https:\/\/tvc16.com\/portal\/wp-json\/wp\/v2\/tags?post=100885"}],"curies":[{"name":"wp","href":"https:\/\/api.w.org\/{rel}","templated":true}]}}